{"id":6390,"date":"2026-08-28T15:12:57","date_gmt":"2026-08-28T15:12:57","guid":{"rendered":"https:\/\/codigon.gs1.org.ar\/?p=6390"},"modified":"2026-08-28T15:57:53","modified_gmt":"2026-08-28T15:57:53","slug":"argentina-y-chile-reactivan-su-integracion-minera-una-oportunidad-para-acelerar-inversiones-y-exportaciones","status":"publish","type":"post","link":"https:\/\/codigon.gs1.org.ar\/index.php\/2026\/08\/28\/argentina-y-chile-reactivan-su-integracion-minera-una-oportunidad-para-acelerar-inversiones-y-exportaciones\/","title":{"rendered":"Argentina y Chile reactivan su integraci\u00f3n minera: una oportunidad para acelerar inversiones y exportaciones"},"content":{"rendered":"<hr \/>\n<div class=\"qMYqUG_convSearchResultHighlightRoot\">\n<div class=\"\" data-turn-id-container=\"request-6a56721f-c33c-83e9-8889-bbbc547676ae-10\" data-is-intersecting=\"true\">\n<section class=\"text-token-text-primary w-full focus:outline-none has-data-writing-block:pointer-events-none [&amp;:has([data-writing-block])&gt;*]:pointer-events-auto R6Vx5W_threadScrollVars scroll-mb-[calc(var(--scroll-root-safe-area-inset-bottom,0px)+var(--thread-response-height))] scroll-mt-[calc(var(--header-height)+min(200px,max(70px,20svh)))]\" dir=\"auto\" data-turn-id=\"request-6a56721f-c33c-83e9-8889-bbbc547676ae-10\" data-turn-id-container=\"request-6a56721f-c33c-83e9-8889-bbbc547676ae-10\" data-testid=\"conversation-turn-14\" data-turn=\"assistant\">\n<div class=\"text-base my-auto mx-auto pb-8 [--thread-content-margin:var(--thread-content-margin-xs,calc(var(--spacing)*4))] @w-sm\/main:[--thread-content-margin:var(--thread-content-margin-sm,calc(var(--spacing)*6))] @w-lg\/main:[--thread-content-margin:var(--thread-content-margin-lg,calc(var(--spacing)*16))] px-(--thread-content-margin)\">\n<div class=\"[--thread-content-max-width:40rem] @w-lg\/main:[--thread-content-max-width:48rem] mx-auto max-w-(--thread-content-max-width) flex-1 group\/turn-messages focus-visible:outline-hidden relative flex w-full min-w-0 flex-col agent-turn\" data-conversation-screenshot-content=\"\">\n<div class=\"flex max-w-full flex-col gap-4 grow\">\n<div class=\"min-h-8 text-message relative flex w-full flex-col items-end gap-2 text-start break-words whitespace-normal outline-none keyboard-focused:focus-ring [.text-message+&amp;]:mt-1\" dir=\"auto\" tabindex=\"0\" data-message-author-role=\"assistant\" data-message-id=\"46f6820c-20ef-4a57-82a5-1b3a5be86d15\" data-turn-start-message=\"true\" data-message-model-slug=\"gpt-5-6-thinking\">\n<div class=\"flex w-full flex-col gap-1 empty:hidden\">\n<div class=\"markdown prose dark:prose-invert wrap-break-word w-full light markdown-new-styling\">\n<p class=\"PDq2pG_selectionAnchorContainer\" data-start=\"18\" data-end=\"333\" data-is-last-node=\"\" data-is-only-node=\"\"><strong data-start=\"18\" data-end=\"105\">La miner\u00eda vuelve a ocupar un lugar central en la relaci\u00f3n entre Argentina y Chile.<\/strong> Ambos pa\u00edses reactivaron un acuerdo para facilitar proyectos ubicados a ambos lados de la Cordillera, con el objetivo de destrabar inversiones, aprovechar infraestructura compartida y acelerar el desarrollo del cobre argentino.<\/p>\n<\/div>\n<\/div>\n<\/div>\n<\/div>\n<\/div>\n<\/div>\n<\/section>\n<\/div>\n<\/div>\n<p data-start=\"659\" data-end=\"729\">Argentina y Chile buscan darle nuevo impulso a la miner\u00eda de frontera.<\/p>\n<p data-start=\"731\" data-end=\"1068\">Los gobiernos retomaron el <strong data-start=\"758\" data-end=\"809\">Tratado de Integraci\u00f3n y Complementaci\u00f3n Minera<\/strong>, firmado en 1997, para facilitar el desarrollo de proyectos ubicados entre San Juan y la regi\u00f3n chilena de Atacama. La iniciativa hab\u00eda tenido pocos avances durante a\u00f1os, pero volvi\u00f3 a cobrar fuerza en los \u00faltimos meses.<\/p>\n<hr \/>\n<p data-start=\"731\" data-end=\"1068\"><a href=\"https:\/\/encrypted-tbn0.gstatic.com\/images?q=tbn:ANd9GcTVzmFuS1jBp3XQM1ka0nth_N9p0hnuEeXpODiYx10gfWp2uzx9aBDhq58&amp;s=10\"><img loading=\"lazy\" decoding=\"async\" class=\"aligncenter\" src=\"https:\/\/encrypted-tbn0.gstatic.com\/images?q=tbn:ANd9GcTVzmFuS1jBp3XQM1ka0nth_N9p0hnuEeXpODiYx10gfWp2uzx9aBDhq58&amp;s=10\" alt=\"Miner\u00eda en la cordillera: Un an\u00e1lisis minero detallado de Argentina y Chile - Agenda Industrial\" width=\"744\" height=\"412\" \/><\/a><\/p>\n<hr \/>\n<h2 data-section-id=\"haozab\" data-start=\"1070\" data-end=\"1102\">\u00bfQu\u00e9 cambia con este acuerdo?<\/h2>\n<p data-start=\"1104\" data-end=\"1245\">La principal ventaja es que los proyectos argentinos cercanos a la Cordillera podr\u00edan aprovechar parte de la infraestructura minera de Chile.<\/p>\n<p data-start=\"1247\" data-end=\"1377\">Esto incluye, por ejemplo, <strong data-start=\"1274\" data-end=\"1376\">acceso a puertos del Pac\u00edfico, servicios especializados y recursos ya disponibles del lado chileno<\/strong>.<\/p>\n<p data-start=\"1379\" data-end=\"1560\">Para las empresas, esto puede significar rutas de exportaci\u00f3n m\u00e1s cortas, menores costos y una puesta en marcha m\u00e1s r\u00e1pida de nuevos proyectos.<\/p>\n<h2 data-section-id=\"1l6rosv\" data-start=\"1562\" data-end=\"1599\">M\u00e1s de US$20.000 millones en juego<\/h2>\n<p data-start=\"1601\" data-end=\"1849\">Seg\u00fan el Ministerio de Miner\u00eda de Chile, esta nueva etapa de integraci\u00f3n podr\u00eda ayudar a movilizar <strong data-start=\"1700\" data-end=\"1744\">m\u00e1s de US$20.700 millones en inversiones<\/strong> y sumar unas <strong data-start=\"1758\" data-end=\"1810\">540.000 toneladas anuales de producci\u00f3n de cobre<\/strong>.<\/p>\n<p data-start=\"1851\" data-end=\"2083\">Durante la \u00faltima reuni\u00f3n bilateral tambi\u00e9n se aprobaron protocolos de operaci\u00f3n para proyectos como <strong data-start=\"1952\" data-end=\"1985\">Vicu\u00f1a, NexoAndino y Filo Sur<\/strong>, cuyos dep\u00f3sitos se extienden a ambos lados de la frontera.<\/p>\n<p data-start=\"2085\" data-end=\"2243\">Adem\u00e1s, proyectos como <strong data-start=\"2108\" data-end=\"2134\">Los Azules y El Pach\u00f3n<\/strong> siguen de cerca este marco por su ubicaci\u00f3n y potencial de desarrollo.<\/p>\n<h2 data-section-id=\"ffgx32\" data-start=\"2245\" data-end=\"2296\">El cobre vuelve al centro de la escena argentina<\/h2>\n<p data-start=\"2298\" data-end=\"2460\">Argentina no produce cobre desde el cierre de Bajo de la Alumbrera en 2018. Sin embargo, hoy cuenta con una cartera de proyectos que podr\u00eda cambiar ese escenario.<\/p>\n<p data-start=\"2462\" data-end=\"2852\">Seg\u00fan analistas citados por Reuters, el pa\u00eds podr\u00eda ubicarse entre los <strong data-start=\"2533\" data-end=\"2595\">diez principales productores de cobre del mundo hacia 2030<\/strong>. Junto con Chile, podr\u00eda conformar un polo estrat\u00e9gico para un mineral cada vez m\u00e1s importante en redes el\u00e9ctricas, energ\u00edas renovables, veh\u00edculos el\u00e9ctricos y otras tecnolog\u00edas vinculadas con la transici\u00f3n energ\u00e9tica.<\/p>\n<h2 data-section-id=\"jmdc00\" data-start=\"2854\" data-end=\"2906\">Una oportunidad que tambi\u00e9n alcanza a proveedores<\/h2>\n<p data-start=\"2908\" data-end=\"2996\">El desarrollo de nuevos proyectos mineros no impacta solamente en las grandes compa\u00f1\u00edas.<\/p>\n<p data-start=\"2998\" data-end=\"3142\">M\u00e1s actividad puede generar demanda de <strong data-start=\"3037\" data-end=\"3141\">transporte, log\u00edstica, mantenimiento, tecnolog\u00eda, insumos, servicios profesionales e infraestructura<\/strong>.<\/p>\n<p data-start=\"3144\" data-end=\"3313\">Para las PyMEs que trabajan alrededor de la cadena minera, seguir estos proyectos permite anticipar d\u00f3nde pueden aparecer nuevas necesidades y oportunidades comerciales.<\/p>\n<p data-start=\"3315\" data-end=\"3466\">La integraci\u00f3n entre Argentina y Chile apunta justamente a reducir algunas de las barreras que hist\u00f3ricamente hicieron m\u00e1s complejos estos desarrollos.<\/p>\n<h2 data-section-id=\"1tjoy6e\" data-start=\"3468\" data-end=\"3515\">Una miner\u00eda m\u00e1s conectada entre ambos pa\u00edses<\/h2>\n<p data-start=\"3517\" data-end=\"3837\">La reactivaci\u00f3n del acuerdo todav\u00eda no tiene un plazo definido para su implementaci\u00f3n completa. Sin embargo, marca una se\u00f1al clara: ambos pa\u00edses buscan aprovechar mejor la infraestructura disponible y acelerar proyectos que, por su ubicaci\u00f3n, necesitan trabajar de manera integrada.<\/p>\n<p data-start=\"3839\" data-end=\"4103\" data-is-last-node=\"\" data-is-only-node=\"\">Para Argentina, la oportunidad va m\u00e1s all\u00e1 de extraer cobre. Tambi\u00e9n implica <strong data-start=\"3916\" data-end=\"3982\">conectar nuevos proyectos con puertos, proveedores y servicios<\/strong>, y desarrollar una cadena de valor capaz de acompa\u00f1ar una industria que puede ganar mucho m\u00e1s peso en los pr\u00f3ximos a\u00f1os.<\/p>\n<p data-start=\"3839\" data-end=\"4103\" data-is-last-node=\"\" data-is-only-node=\"\">Fuente:\u00a0<a href=\"https:\/\/www.reuters.com\/world\/americas\/argentina-chile-revive-cross-border-mining-framework-investment-2026-08-27\/\">Reuters<\/a><\/p>\n<p data-start=\"3839\" data-end=\"4103\" data-is-last-node=\"\" data-is-only-node=\"\">Gs1 Argentina.<\/p>\n","protected":false},"excerpt":{"rendered":"<p>La miner\u00eda vuelve a ocupar un lugar central en la relaci\u00f3n entre Argentina y Chile. Ambos pa\u00edses reactivaron un acuerdo para facilitar proyectos ubicados a ambos lados de la Cordillera,&hellip; <\/p>\n","protected":false},"author":2,"featured_media":6394,"comment_status":"open","ping_status":"open","sticky":false,"template":"","format":"standard","meta":{"_monsterinsights_skip_tracking":false,"_jetpack_newsletter_access":"","_jetpack_dont_email_post_to_subs":false,"_jetpack_newsletter_tier_id":0,"_jetpack_memberships_contains_paywalled_content":false,"_wpcom_ai_launchpad_first_post":false,"_jetpack_feature_clip_id":0,"_jetpack_memberships_contains_paid_content":false,"footnotes":"","jetpack_post_was_ever_published":false},"categories":[5],"tags":[],"class_list":["post-6390","post","type-post","status-publish","format-standard","has-post-thumbnail","hentry","category-industrias-y-mercados"],"yoast_head":"<!-- This site is optimized with the Yoast SEO plugin v28.4 - https:\/\/yoast.com\/product\/yoast-seo-wordpress\/ -->\n<title>Argentina y Chile reactivan su integraci\u00f3n minera: una oportunidad para acelerar inversiones y exportaciones - C\u00f3digo N \u2022 GS1<\/title>\n<meta name=\"description\" content=\"La miner\u00eda vuelve a ocupar un lugar central en la relaci\u00f3n entre Argentina y Chile. Ambos pa\u00edses reactivaron un acuerdo para facilitar proyectos ubicados a ambos lados de la Cordillera, con el objetivo de destrabar inversiones, aprovechar infraestructura compartida y acelerar el desarrollo del cobre argentino\" \/>\n<meta name=\"robots\" content=\"index, follow, max-snippet:-1, max-image-preview:large, max-video-preview:-1\" \/>\n<link rel=\"canonical\" href=\"https:\/\/codigon.gs1.org.ar\/index.php\/2026\/08\/28\/argentina-y-chile-reactivan-su-integracion-minera-una-oportunidad-para-acelerar-inversiones-y-exportaciones\/\" \/>\n<meta property=\"og:locale\" content=\"es_ES\" \/>\n<meta property=\"og:type\" content=\"article\" \/>\n<meta property=\"og:title\" content=\"Argentina y Chile reactivan su integraci\u00f3n minera: una oportunidad para acelerar inversiones y exportaciones - C\u00f3digo N \u2022 GS1\" \/>\n<meta property=\"og:description\" content=\"La miner\u00eda vuelve a ocupar un lugar central en la relaci\u00f3n entre Argentina y Chile. Ambos pa\u00edses reactivaron un acuerdo para facilitar proyectos ubicados a ambos lados de la Cordillera, con el objetivo de destrabar inversiones, aprovechar infraestructura compartida y acelerar el desarrollo del cobre argentino\" \/>\n<meta property=\"og:url\" content=\"https:\/\/codigon.gs1.org.ar\/index.php\/2026\/08\/28\/argentina-y-chile-reactivan-su-integracion-minera-una-oportunidad-para-acelerar-inversiones-y-exportaciones\/\" \/>\n<meta property=\"og:site_name\" content=\"C\u00f3digo N \u2022 GS1\" \/>\n<meta property=\"article:published_time\" content=\"2026-08-28T15:12:57+00:00\" \/>\n<meta property=\"article:modified_time\" content=\"2026-08-28T15:57:53+00:00\" \/>\n<meta property=\"og:image\" content=\"https:\/\/codigon.gs1.org.ar\/wp-content\/uploads\/2026\/08\/images.jpg\" \/>\n\t<meta property=\"og:image:width\" content=\"744\" \/>\n\t<meta property=\"og:image:height\" content=\"412\" \/>\n\t<meta property=\"og:image:type\" content=\"image\/jpeg\" \/>\n<meta name=\"author\" content=\"GS1 Argentina\" \/>\n<meta name=\"twitter:card\" content=\"summary_large_image\" \/>\n<meta name=\"twitter:label1\" content=\"Escrito por\" \/>\n\t<meta name=\"twitter:data1\" content=\"GS1 Argentina\" \/>\n\t<meta name=\"twitter:label2\" content=\"Tiempo de lectura\" \/>\n\t<meta name=\"twitter:data2\" content=\"3 minutos\" \/>\n<script type=\"application\/ld+json\" class=\"yoast-schema-graph\">{\"@context\":\"https:\\\/\\\/schema.org\",\"@graph\":[{\"@type\":\"Article\",\"@id\":\"https:\\\/\\\/codigon.gs1.org.ar\\\/index.php\\\/2026\\\/08\\\/28\\\/argentina-y-chile-reactivan-su-integracion-minera-una-oportunidad-para-acelerar-inversiones-y-exportaciones\\\/#article\",\"isPartOf\":{\"@id\":\"https:\\\/\\\/codigon.gs1.org.ar\\\/index.php\\\/2026\\\/08\\\/28\\\/argentina-y-chile-reactivan-su-integracion-minera-una-oportunidad-para-acelerar-inversiones-y-exportaciones\\\/\"},\"author\":{\"name\":\"GS1 Argentina\",\"@id\":\"https:\\\/\\\/codigon.gs1.org.ar\\\/#\\\/schema\\\/person\\\/e7fbae14eeca44ffe48eea621104dc9d\"},\"headline\":\"Argentina y Chile reactivan su integraci\u00f3n minera: una oportunidad para acelerar inversiones y exportaciones\",\"datePublished\":\"2026-08-28T15:12:57+00:00\",\"dateModified\":\"2026-08-28T15:57:53+00:00\",\"mainEntityOfPage\":{\"@id\":\"https:\\\/\\\/codigon.gs1.org.ar\\\/index.php\\\/2026\\\/08\\\/28\\\/argentina-y-chile-reactivan-su-integracion-minera-una-oportunidad-para-acelerar-inversiones-y-exportaciones\\\/\"},\"wordCount\":595,\"commentCount\":0,\"publisher\":{\"@id\":\"https:\\\/\\\/codigon.gs1.org.ar\\\/#organization\"},\"image\":{\"@id\":\"https:\\\/\\\/codigon.gs1.org.ar\\\/index.php\\\/2026\\\/08\\\/28\\\/argentina-y-chile-reactivan-su-integracion-minera-una-oportunidad-para-acelerar-inversiones-y-exportaciones\\\/#primaryimage\"},\"thumbnailUrl\":\"https:\\\/\\\/codigon.gs1.org.ar\\\/wp-content\\\/uploads\\\/2026\\\/08\\\/images.jpg\",\"articleSection\":[\"Industrias y Mercados\"],\"inLanguage\":\"es\",\"potentialAction\":[{\"@type\":\"CommentAction\",\"name\":\"Comment\",\"target\":[\"https:\\\/\\\/codigon.gs1.org.ar\\\/index.php\\\/2026\\\/08\\\/28\\\/argentina-y-chile-reactivan-su-integracion-minera-una-oportunidad-para-acelerar-inversiones-y-exportaciones\\\/#respond\"]}]},{\"@type\":\"WebPage\",\"@id\":\"https:\\\/\\\/codigon.gs1.org.ar\\\/index.php\\\/2026\\\/08\\\/28\\\/argentina-y-chile-reactivan-su-integracion-minera-una-oportunidad-para-acelerar-inversiones-y-exportaciones\\\/\",\"url\":\"https:\\\/\\\/codigon.gs1.org.ar\\\/index.php\\\/2026\\\/08\\\/28\\\/argentina-y-chile-reactivan-su-integracion-minera-una-oportunidad-para-acelerar-inversiones-y-exportaciones\\\/\",\"name\":\"Argentina y Chile reactivan su integraci\u00f3n minera: una oportunidad para acelerar inversiones y exportaciones - C\u00f3digo N \u2022 GS1\",\"isPartOf\":{\"@id\":\"https:\\\/\\\/codigon.gs1.org.ar\\\/#website\"},\"primaryImageOfPage\":{\"@id\":\"https:\\\/\\\/codigon.gs1.org.ar\\\/index.php\\\/2026\\\/08\\\/28\\\/argentina-y-chile-reactivan-su-integracion-minera-una-oportunidad-para-acelerar-inversiones-y-exportaciones\\\/#primaryimage\"},\"image\":{\"@id\":\"https:\\\/\\\/codigon.gs1.org.ar\\\/index.php\\\/2026\\\/08\\\/28\\\/argentina-y-chile-reactivan-su-integracion-minera-una-oportunidad-para-acelerar-inversiones-y-exportaciones\\\/#primaryimage\"},\"thumbnailUrl\":\"https:\\\/\\\/codigon.gs1.org.ar\\\/wp-content\\\/uploads\\\/2026\\\/08\\\/images.jpg\",\"datePublished\":\"2026-08-28T15:12:57+00:00\",\"dateModified\":\"2026-08-28T15:57:53+00:00\",\"description\":\"La miner\u00eda vuelve a ocupar un lugar central en la relaci\u00f3n entre Argentina y Chile. Ambos pa\u00edses reactivaron un acuerdo para facilitar proyectos ubicados a ambos lados de la Cordillera, con el objetivo de destrabar inversiones, aprovechar infraestructura compartida y acelerar el desarrollo del cobre argentino\",\"breadcrumb\":{\"@id\":\"https:\\\/\\\/codigon.gs1.org.ar\\\/index.php\\\/2026\\\/08\\\/28\\\/argentina-y-chile-reactivan-su-integracion-minera-una-oportunidad-para-acelerar-inversiones-y-exportaciones\\\/#breadcrumb\"},\"inLanguage\":\"es\",\"potentialAction\":[{\"@type\":\"ReadAction\",\"target\":[\"https:\\\/\\\/codigon.gs1.org.ar\\\/index.php\\\/2026\\\/08\\\/28\\\/argentina-y-chile-reactivan-su-integracion-minera-una-oportunidad-para-acelerar-inversiones-y-exportaciones\\\/\"]}]},{\"@type\":\"ImageObject\",\"inLanguage\":\"es\",\"@id\":\"https:\\\/\\\/codigon.gs1.org.ar\\\/index.php\\\/2026\\\/08\\\/28\\\/argentina-y-chile-reactivan-su-integracion-minera-una-oportunidad-para-acelerar-inversiones-y-exportaciones\\\/#primaryimage\",\"url\":\"https:\\\/\\\/codigon.gs1.org.ar\\\/wp-content\\\/uploads\\\/2026\\\/08\\\/images.jpg\",\"contentUrl\":\"https:\\\/\\\/codigon.gs1.org.ar\\\/wp-content\\\/uploads\\\/2026\\\/08\\\/images.jpg\",\"width\":744,\"height\":412},{\"@type\":\"BreadcrumbList\",\"@id\":\"https:\\\/\\\/codigon.gs1.org.ar\\\/index.php\\\/2026\\\/08\\\/28\\\/argentina-y-chile-reactivan-su-integracion-minera-una-oportunidad-para-acelerar-inversiones-y-exportaciones\\\/#breadcrumb\",\"itemListElement\":[{\"@type\":\"ListItem\",\"position\":1,\"name\":\"Inicio\",\"item\":\"https:\\\/\\\/codigon.gs1.org.ar\\\/\"},{\"@type\":\"ListItem\",\"position\":2,\"name\":\"Industrias y Mercados\",\"item\":\"https:\\\/\\\/codigon.gs1.org.ar\\\/index.php\\\/category\\\/industrias-y-mercados\\\/\"},{\"@type\":\"ListItem\",\"position\":3,\"name\":\"Argentina y Chile reactivan su integraci\u00f3n minera: una oportunidad para acelerar inversiones y exportaciones\"}]},{\"@type\":\"WebSite\",\"@id\":\"https:\\\/\\\/codigon.gs1.org.ar\\\/#website\",\"url\":\"https:\\\/\\\/codigon.gs1.org.ar\\\/\",\"name\":\"Gs1 \u2022\u00a0Noticias\",\"description\":\"Informaci\u00f3n que conecta negocios\",\"publisher\":{\"@id\":\"https:\\\/\\\/codigon.gs1.org.ar\\\/#organization\"},\"potentialAction\":[{\"@type\":\"SearchAction\",\"target\":{\"@type\":\"EntryPoint\",\"urlTemplate\":\"https:\\\/\\\/codigon.gs1.org.ar\\\/?s={search_term_string}\"},\"query-input\":{\"@type\":\"PropertyValueSpecification\",\"valueRequired\":true,\"valueName\":\"search_term_string\"}}],\"inLanguage\":\"es\"},{\"@type\":\"Organization\",\"@id\":\"https:\\\/\\\/codigon.gs1.org.ar\\\/#organization\",\"name\":\"Gs1 \u2022\u00a0Noticias\",\"url\":\"https:\\\/\\\/codigon.gs1.org.ar\\\/\",\"logo\":{\"@type\":\"ImageObject\",\"inLanguage\":\"es\",\"@id\":\"https:\\\/\\\/codigon.gs1.org.ar\\\/#\\\/schema\\\/logo\\\/image\\\/\",\"url\":\"https:\\\/\\\/codigon.gs1.org.ar\\\/wp-content\\\/uploads\\\/2026\\\/06\\\/logo_codigo_news_02.jpg\",\"contentUrl\":\"https:\\\/\\\/codigon.gs1.org.ar\\\/wp-content\\\/uploads\\\/2026\\\/06\\\/logo_codigo_news_02.jpg\",\"width\":1523,\"height\":207,\"caption\":\"Gs1 \u2022\u00a0Noticias\"},\"image\":{\"@id\":\"https:\\\/\\\/codigon.gs1.org.ar\\\/#\\\/schema\\\/logo\\\/image\\\/\"}},{\"@type\":\"Person\",\"@id\":\"https:\\\/\\\/codigon.gs1.org.ar\\\/#\\\/schema\\\/person\\\/e7fbae14eeca44ffe48eea621104dc9d\",\"name\":\"GS1 Argentina\",\"image\":{\"@type\":\"ImageObject\",\"inLanguage\":\"es\",\"@id\":\"https:\\\/\\\/secure.gravatar.com\\\/avatar\\\/d8922d0203802ad4f71f9376d213302aa284e6a5e4a265178bb0f3de8c2b43d2?s=96&d=mm&r=g\",\"url\":\"https:\\\/\\\/secure.gravatar.com\\\/avatar\\\/d8922d0203802ad4f71f9376d213302aa284e6a5e4a265178bb0f3de8c2b43d2?s=96&d=mm&r=g\",\"contentUrl\":\"https:\\\/\\\/secure.gravatar.com\\\/avatar\\\/d8922d0203802ad4f71f9376d213302aa284e6a5e4a265178bb0f3de8c2b43d2?s=96&d=mm&r=g\",\"caption\":\"GS1 Argentina\"},\"url\":\"https:\\\/\\\/codigon.gs1.org.ar\\\/index.php\\\/author\\\/tojedags1\\\/\"}]}<\/script>\n<!-- \/ Yoast SEO plugin. -->","yoast_head_json":{"title":"Argentina y Chile reactivan su integraci\u00f3n minera: una oportunidad para acelerar inversiones y exportaciones - C\u00f3digo N \u2022 GS1","description":"La miner\u00eda vuelve a ocupar un lugar central en la relaci\u00f3n entre Argentina y Chile. Ambos pa\u00edses reactivaron un acuerdo para facilitar proyectos ubicados a ambos lados de la Cordillera, con el objetivo de destrabar inversiones, aprovechar infraestructura compartida y acelerar el desarrollo del cobre argentino","robots":{"index":"index","follow":"follow","max-snippet":"max-snippet:-1","max-image-preview":"max-image-preview:large","max-video-preview":"max-video-preview:-1"},"canonical":"https:\/\/codigon.gs1.org.ar\/index.php\/2026\/08\/28\/argentina-y-chile-reactivan-su-integracion-minera-una-oportunidad-para-acelerar-inversiones-y-exportaciones\/","og_locale":"es_ES","og_type":"article","og_title":"Argentina y Chile reactivan su integraci\u00f3n minera: una oportunidad para acelerar inversiones y exportaciones - C\u00f3digo N \u2022 GS1","og_description":"La miner\u00eda vuelve a ocupar un lugar central en la relaci\u00f3n entre Argentina y Chile. Ambos pa\u00edses reactivaron un acuerdo para facilitar proyectos ubicados a ambos lados de la Cordillera, con el objetivo de destrabar inversiones, aprovechar infraestructura compartida y acelerar el desarrollo del cobre argentino","og_url":"https:\/\/codigon.gs1.org.ar\/index.php\/2026\/08\/28\/argentina-y-chile-reactivan-su-integracion-minera-una-oportunidad-para-acelerar-inversiones-y-exportaciones\/","og_site_name":"C\u00f3digo N \u2022 GS1","article_published_time":"2026-08-28T15:12:57+00:00","article_modified_time":"2026-08-28T15:57:53+00:00","og_image":[{"width":744,"height":412,"url":"https:\/\/codigon.gs1.org.ar\/wp-content\/uploads\/2026\/08\/images.jpg","type":"image\/jpeg"}],"author":"GS1 Argentina","twitter_card":"summary_large_image","twitter_misc":{"Escrito por":"GS1 Argentina","Tiempo de lectura":"3 minutos"},"schema":{"@context":"https:\/\/schema.org","@graph":[{"@type":"Article","@id":"https:\/\/codigon.gs1.org.ar\/index.php\/2026\/08\/28\/argentina-y-chile-reactivan-su-integracion-minera-una-oportunidad-para-acelerar-inversiones-y-exportaciones\/#article","isPartOf":{"@id":"https:\/\/codigon.gs1.org.ar\/index.php\/2026\/08\/28\/argentina-y-chile-reactivan-su-integracion-minera-una-oportunidad-para-acelerar-inversiones-y-exportaciones\/"},"author":{"name":"GS1 Argentina","@id":"https:\/\/codigon.gs1.org.ar\/#\/schema\/person\/e7fbae14eeca44ffe48eea621104dc9d"},"headline":"Argentina y Chile reactivan su integraci\u00f3n minera: una oportunidad para acelerar inversiones y exportaciones","datePublished":"2026-08-28T15:12:57+00:00","dateModified":"2026-08-28T15:57:53+00:00","mainEntityOfPage":{"@id":"https:\/\/codigon.gs1.org.ar\/index.php\/2026\/08\/28\/argentina-y-chile-reactivan-su-integracion-minera-una-oportunidad-para-acelerar-inversiones-y-exportaciones\/"},"wordCount":595,"commentCount":0,"publisher":{"@id":"https:\/\/codigon.gs1.org.ar\/#organization"},"image":{"@id":"https:\/\/codigon.gs1.org.ar\/index.php\/2026\/08\/28\/argentina-y-chile-reactivan-su-integracion-minera-una-oportunidad-para-acelerar-inversiones-y-exportaciones\/#primaryimage"},"thumbnailUrl":"https:\/\/codigon.gs1.org.ar\/wp-content\/uploads\/2026\/08\/images.jpg","articleSection":["Industrias y Mercados"],"inLanguage":"es","potentialAction":[{"@type":"CommentAction","name":"Comment","target":["https:\/\/codigon.gs1.org.ar\/index.php\/2026\/08\/28\/argentina-y-chile-reactivan-su-integracion-minera-una-oportunidad-para-acelerar-inversiones-y-exportaciones\/#respond"]}]},{"@type":"WebPage","@id":"https:\/\/codigon.gs1.org.ar\/index.php\/2026\/08\/28\/argentina-y-chile-reactivan-su-integracion-minera-una-oportunidad-para-acelerar-inversiones-y-exportaciones\/","url":"https:\/\/codigon.gs1.org.ar\/index.php\/2026\/08\/28\/argentina-y-chile-reactivan-su-integracion-minera-una-oportunidad-para-acelerar-inversiones-y-exportaciones\/","name":"Argentina y Chile reactivan su integraci\u00f3n minera: una oportunidad para acelerar inversiones y exportaciones - C\u00f3digo N \u2022 GS1","isPartOf":{"@id":"https:\/\/codigon.gs1.org.ar\/#website"},"primaryImageOfPage":{"@id":"https:\/\/codigon.gs1.org.ar\/index.php\/2026\/08\/28\/argentina-y-chile-reactivan-su-integracion-minera-una-oportunidad-para-acelerar-inversiones-y-exportaciones\/#primaryimage"},"image":{"@id":"https:\/\/codigon.gs1.org.ar\/index.php\/2026\/08\/28\/argentina-y-chile-reactivan-su-integracion-minera-una-oportunidad-para-acelerar-inversiones-y-exportaciones\/#primaryimage"},"thumbnailUrl":"https:\/\/codigon.gs1.org.ar\/wp-content\/uploads\/2026\/08\/images.jpg","datePublished":"2026-08-28T15:12:57+00:00","dateModified":"2026-08-28T15:57:53+00:00","description":"La miner\u00eda vuelve a ocupar un lugar central en la relaci\u00f3n entre Argentina y Chile. Ambos pa\u00edses reactivaron un acuerdo para facilitar proyectos ubicados a ambos lados de la Cordillera, con el objetivo de destrabar inversiones, aprovechar infraestructura compartida y acelerar el desarrollo del cobre argentino","breadcrumb":{"@id":"https:\/\/codigon.gs1.org.ar\/index.php\/2026\/08\/28\/argentina-y-chile-reactivan-su-integracion-minera-una-oportunidad-para-acelerar-inversiones-y-exportaciones\/#breadcrumb"},"inLanguage":"es","potentialAction":[{"@type":"ReadAction","target":["https:\/\/codigon.gs1.org.ar\/index.php\/2026\/08\/28\/argentina-y-chile-reactivan-su-integracion-minera-una-oportunidad-para-acelerar-inversiones-y-exportaciones\/"]}]},{"@type":"ImageObject","inLanguage":"es","@id":"https:\/\/codigon.gs1.org.ar\/index.php\/2026\/08\/28\/argentina-y-chile-reactivan-su-integracion-minera-una-oportunidad-para-acelerar-inversiones-y-exportaciones\/#primaryimage","url":"https:\/\/codigon.gs1.org.ar\/wp-content\/uploads\/2026\/08\/images.jpg","contentUrl":"https:\/\/codigon.gs1.org.ar\/wp-content\/uploads\/2026\/08\/images.jpg","width":744,"height":412},{"@type":"BreadcrumbList","@id":"https:\/\/codigon.gs1.org.ar\/index.php\/2026\/08\/28\/argentina-y-chile-reactivan-su-integracion-minera-una-oportunidad-para-acelerar-inversiones-y-exportaciones\/#breadcrumb","itemListElement":[{"@type":"ListItem","position":1,"name":"Inicio","item":"https:\/\/codigon.gs1.org.ar\/"},{"@type":"ListItem","position":2,"name":"Industrias y Mercados","item":"https:\/\/codigon.gs1.org.ar\/index.php\/category\/industrias-y-mercados\/"},{"@type":"ListItem","position":3,"name":"Argentina y Chile reactivan su integraci\u00f3n minera: una oportunidad para acelerar inversiones y exportaciones"}]},{"@type":"WebSite","@id":"https:\/\/codigon.gs1.org.ar\/#website","url":"https:\/\/codigon.gs1.org.ar\/","name":"Gs1 \u2022\u00a0Noticias","description":"Informaci\u00f3n que conecta negocios","publisher":{"@id":"https:\/\/codigon.gs1.org.ar\/#organization"},"potentialAction":[{"@type":"SearchAction","target":{"@type":"EntryPoint","urlTemplate":"https:\/\/codigon.gs1.org.ar\/?s={search_term_string}"},"query-input":{"@type":"PropertyValueSpecification","valueRequired":true,"valueName":"search_term_string"}}],"inLanguage":"es"},{"@type":"Organization","@id":"https:\/\/codigon.gs1.org.ar\/#organization","name":"Gs1 \u2022\u00a0Noticias","url":"https:\/\/codigon.gs1.org.ar\/","logo":{"@type":"ImageObject","inLanguage":"es","@id":"https:\/\/codigon.gs1.org.ar\/#\/schema\/logo\/image\/","url":"https:\/\/codigon.gs1.org.ar\/wp-content\/uploads\/2026\/06\/logo_codigo_news_02.jpg","contentUrl":"https:\/\/codigon.gs1.org.ar\/wp-content\/uploads\/2026\/06\/logo_codigo_news_02.jpg","width":1523,"height":207,"caption":"Gs1 \u2022\u00a0Noticias"},"image":{"@id":"https:\/\/codigon.gs1.org.ar\/#\/schema\/logo\/image\/"}},{"@type":"Person","@id":"https:\/\/codigon.gs1.org.ar\/#\/schema\/person\/e7fbae14eeca44ffe48eea621104dc9d","name":"GS1 Argentina","image":{"@type":"ImageObject","inLanguage":"es","@id":"https:\/\/secure.gravatar.com\/avatar\/d8922d0203802ad4f71f9376d213302aa284e6a5e4a265178bb0f3de8c2b43d2?s=96&d=mm&r=g","url":"https:\/\/secure.gravatar.com\/avatar\/d8922d0203802ad4f71f9376d213302aa284e6a5e4a265178bb0f3de8c2b43d2?s=96&d=mm&r=g","contentUrl":"https:\/\/secure.gravatar.com\/avatar\/d8922d0203802ad4f71f9376d213302aa284e6a5e4a265178bb0f3de8c2b43d2?s=96&d=mm&r=g","caption":"GS1 Argentina"},"url":"https:\/\/codigon.gs1.org.ar\/index.php\/author\/tojedags1\/"}]}},"jetpack_sharing_enabled":true,"jetpack_shortlink":"https:\/\/wp.me\/pbkBOb-1F4","jetpack_featured_media_url":"https:\/\/codigon.gs1.org.ar\/wp-content\/uploads\/2026\/08\/images.jpg","_links":{"self":[{"href":"https:\/\/codigon.gs1.org.ar\/index.php\/wp-json\/wp\/v2\/posts\/6390","targetHints":{"allow":["GET"]}}],"collection":[{"href":"https:\/\/codigon.gs1.org.ar\/index.php\/wp-json\/wp\/v2\/posts"}],"about":[{"href":"https:\/\/codigon.gs1.org.ar\/index.php\/wp-json\/wp\/v2\/types\/post"}],"author":[{"embeddable":true,"href":"https:\/\/codigon.gs1.org.ar\/index.php\/wp-json\/wp\/v2\/users\/2"}],"replies":[{"embeddable":true,"href":"https:\/\/codigon.gs1.org.ar\/index.php\/wp-json\/wp\/v2\/comments?post=6390"}],"version-history":[{"count":8,"href":"https:\/\/codigon.gs1.org.ar\/index.php\/wp-json\/wp\/v2\/posts\/6390\/revisions"}],"predecessor-version":[{"id":6399,"href":"https:\/\/codigon.gs1.org.ar\/index.php\/wp-json\/wp\/v2\/posts\/6390\/revisions\/6399"}],"wp:featuredmedia":[{"embeddable":true,"href":"https:\/\/codigon.gs1.org.ar\/index.php\/wp-json\/wp\/v2\/media\/6394"}],"wp:attachment":[{"href":"https:\/\/codigon.gs1.org.ar\/index.php\/wp-json\/wp\/v2\/media?parent=6390"}],"wp:term":[{"taxonomy":"category","embeddable":true,"href":"https:\/\/codigon.gs1.org.ar\/index.php\/wp-json\/wp\/v2\/categories?post=6390"},{"taxonomy":"post_tag","embeddable":true,"href":"https:\/\/codigon.gs1.org.ar\/index.php\/wp-json\/wp\/v2\/tags?post=6390"}],"curies":[{"name":"wp","href":"https:\/\/api.w.org\/{rel}","templated":true}]}}