{"id":5158,"date":"2025-04-11T11:29:31","date_gmt":"2025-04-11T14:29:31","guid":{"rendered":"https:\/\/noticias.gs1.org.ar\/?p=5158"},"modified":"2025-04-11T11:29:31","modified_gmt":"2025-04-11T14:29:31","slug":"iv-forum-nacional-de-mercado-consumo-logistica-lide-argentina","status":"publish","type":"post","link":"https:\/\/codigon.gs1.org.ar\/index.php\/2025\/04\/11\/iv-forum-nacional-de-mercado-consumo-logistica-lide-argentina\/","title":{"rendered":"IV F\u00f3rum Nacional de Mercado, Consumo &amp; Log\u00edstica, LIDE Argentina"},"content":{"rendered":"\n<p class=\"wp-block-paragraph\"><\/p>\n\n\n\n<figure class=\"wp-block-image size-large\"><img decoding=\"async\" src=\"https:\/\/codigon.gs1.org.ar\/wp-content\/uploads\/2025\/04\/E8A7029-1024x682.jpg\" alt=\"Un orador en el IV Foro Nacional de Mercado, Consumo y Log\u00edstica, con una pantalla de fondo que muestra la informaci\u00f3n del evento y una foto de Guillermo Fazio, presidente de GS1.\" class=\"wp-image-5160\"\/><\/figure>\n\n\n\n<p class=\"wp-block-paragraph\"><\/p>\n\n\n\n<p class=\"wp-block-paragraph\">LIDE Argentina reafirm\u00f3 su compromiso en el an\u00e1lisis y la innovaci\u00f3n en el sector consumo y retail al organizar el IV F\u00f3rum Nacional de Mercado, Consumo &amp; Log\u00edstica. Este evento de referencia se realiz\u00f3 el 10 de abril en el emblem\u00e1tico Alvear Palace Hotel de la ciudad de Buenos Aires. Congreg\u00f3 a l\u00edderes empresariales, instituciones clave y destacados especialistas de Am\u00e9rica Latina.<\/p>\n\n\n\n<p class=\"wp-block-paragraph\">El F\u00f3rum, con el t\u00edtulo \u00abRetail Hack: \u00bfQui\u00e9n Tiene el Control en el Nuevo C\u00f3digo del Consumo 4.0?, explor\u00f3 las din\u00e1micas y transformaciones que redefinen la industria. En la bienvenida, Rodolfo de Felipe, presidente de LIDE Argentina dijo: \u00abEste es un evento que dar\u00e1 una mirada estrat\u00e9gica y provocadora en temas de consumo, log\u00edstica y retail. Nos desaf\u00eda a entender al nuevo consumidor, que no compra productos, sino que hackea experiencias. El verdadero poder no lo tiene quien vende m\u00e1s, sino quien entiende primero\u00bb.<\/p>\n\n\n\n<p class=\"wp-block-paragraph\"><strong>Un programa excepcional<\/strong><\/p>\n\n\n\n<p class=\"wp-block-paragraph\">Las palabras de apertura fueron de Guillermo Fazio, presidente de GS1 Argentina, partner del evento, seguido de un din\u00e1mico IceBreaker qu\u00e9 present\u00f3 Osvaldo del R\u00edo, director de SCENTIA, titulado: \u00abChau 2024, hola 2025: \u00bfllega la recuperaci\u00f3n?\u00bb.<\/p>\n\n\n\n<div class=\"wp-block-jetpack-slideshow aligncenter\" data-effect=\"slide\"><div class=\"wp-block-jetpack-slideshow_container swiper-container\"><ul class=\"wp-block-jetpack-slideshow_swiper-wrapper swiper-wrapper\"><li class=\"wp-block-jetpack-slideshow_slide swiper-slide\"><figure><img decoding=\"async\" alt=\"Panel discussion during the IV F\u00f3rum Nacional de Mercado, Consumo &amp; Log\u00edstica in Buenos Aires, featuring industry leaders and specialists, with a focus on market trends and consumer dynamics.\" class=\"wp-block-jetpack-slideshow_image wp-image-5162\" data-id=\"5162\" src=\"https:\/\/codigon.gs1.org.ar\/wp-content\/uploads\/2025\/04\/E8A7272-1024x682.jpg\"\/><figcaption class=\"wp-block-jetpack-slideshow_caption gallery-caption\"><\/figcaption><\/figure><\/li><li class=\"wp-block-jetpack-slideshow_slide swiper-slide\"><figure><img decoding=\"async\" alt=\"\" class=\"wp-block-jetpack-slideshow_image wp-image-5170\" data-id=\"5170\" src=\"https:\/\/codigon.gs1.org.ar\/wp-content\/uploads\/2025\/04\/E8A6934.jpg\"\/><\/figure><\/li><li class=\"wp-block-jetpack-slideshow_slide swiper-slide\"><figure><img decoding=\"async\" alt=\"\" class=\"wp-block-jetpack-slideshow_image wp-image-5172\" data-id=\"5172\" src=\"https:\/\/codigon.gs1.org.ar\/wp-content\/uploads\/2025\/04\/E8A6953.jpg\"\/><\/figure><\/li><li class=\"wp-block-jetpack-slideshow_slide swiper-slide\"><figure><img decoding=\"async\" alt=\"\" class=\"wp-block-jetpack-slideshow_image wp-image-5171\" data-id=\"5171\" src=\"https:\/\/codigon.gs1.org.ar\/wp-content\/uploads\/2025\/04\/E8A7075.jpg\"\/><\/figure><\/li><\/ul><a class=\"wp-block-jetpack-slideshow_button-prev swiper-button-prev swiper-button-white\" role=\"button\"><\/a><a class=\"wp-block-jetpack-slideshow_button-next swiper-button-next swiper-button-white\" role=\"button\"><\/a><a aria-label=\"Pause Slideshow\" class=\"wp-block-jetpack-slideshow_button-pause\" role=\"button\"><\/a><div class=\"wp-block-jetpack-slideshow_pagination swiper-pagination swiper-pagination-white\"><\/div><\/div><\/div>\n\n\n\n<p class=\"wp-block-paragraph\">Entre los paneles destacados, se present\u00f3 \u00abNuevas Perspectivas del Mercado Online\u00bb, moderado por Gustavo Sambucetti (CACE), y con la participaci\u00f3n de referentes como Sebasti\u00e1n Miranda (FARMACITY), Franco Lena (RAPPI), Santiago Garc\u00eda Mil\u00e1n (TIENDAMIA) que compartieron sus insights sobre el comercio digital.<\/p>\n\n\n\n<p class=\"wp-block-paragraph\">En la segunda parte, en el panel \u00abVerde en la \u00daltima Milla de la Cadena de Valor\u00bb, se debati\u00f3 sobre la sostenibilidad en la log\u00edstica, con la participaci\u00f3n de Gian Carlo Aubry (NESTL\u00c9), Marcelo Ormachea (CELSUR) Gerardo Moreno (CARREFOUR) y Walter Rothstein (LA AN\u00d3NIMA). Este panel fue moderado por Elizabeth Kleiman (FAO Argentina)<\/p>\n\n\n\n<figure class=\"wp-block-image size-large\"><img decoding=\"async\" src=\"https:\/\/codigon.gs1.org.ar\/wp-content\/uploads\/2025\/04\/E8A8036-1024x761.jpg\" alt=\"Panel de expertos en el IV F\u00f3rum Nacional de Mercado, Consumo &amp; Log\u00edstica en el Alvear Palace Hotel de Buenos Aires, Argentina. Cinque personas posan frente a un fondo colorido.\" class=\"wp-image-5164\"\/><\/figure>\n\n\n\n<p class=\"wp-block-paragraph\"><\/p>\n\n\n\n<p class=\"wp-block-paragraph\">El evento cerr\u00f3 con un Debate Talk \u00abEl Futuro del Retail\u00bb, con Jonathan Gerszberg (DREAMCO), Agust\u00edn Ibero (DIA Argentina) y Nicol\u00e1s Braun (LA AN\u00d3NIMA), moderado por Mariela Mociulsky (TRENDSITY).<\/p>\n\n\n\n<figure class=\"wp-block-image size-large\"><img decoding=\"async\" src=\"https:\/\/codigon.gs1.org.ar\/wp-content\/uploads\/2025\/04\/E8A8284-1024x682.jpg\" alt=\"Panel de discusi\u00f3n en el IV F\u00f3rum Nacional de Mercado, Consumo &amp; Log\u00edstica, con varios oradores en un escenario iluminado.\" class=\"wp-image-5165\"\/><\/figure>\n\n\n\n<p class=\"wp-block-paragraph\"><\/p>\n\n\n\n<p class=\"wp-block-paragraph\">Premio LIDE Argentina<\/p>\n\n\n\n<p class=\"wp-block-paragraph\">Durante la jornada, LIDE Argentina otorg\u00f3 los prestigiosos premios Mercado, Consumo &amp; Log\u00edstica LIDE Argentina 2025: \u2013 Categor\u00eda INNOVACI\u00d3N TECNOL\u00d3GICA: Grupo Hasar, recibido por su CEO Alfredo Sanjurjo. \u2013 Categor\u00eda L\u00cdDER: Mariela Menghini, presidenta de Cruz del Sur, por su trabajo en impulsar a mujeres en la alta direcci\u00f3n empresarial.<\/p>\n\n\n\n<p class=\"wp-block-paragraph\"><\/p>\n\n\n\n<figure class=\"wp-block-image size-large\"><img decoding=\"async\" src=\"https:\/\/codigon.gs1.org.ar\/wp-content\/uploads\/2025\/04\/E8A7709-1024x682.jpg\" alt=\"Entrega de premios en el IV F\u00f3rum Nacional de Mercado, Consumo &amp; Log\u00edstica, donde cuatro personas sostienen premios frente a un fondo con el logo del evento.\" class=\"wp-image-5168\"\/><\/figure>\n\n\n\n<p class=\"wp-block-paragraph\"><\/p>\n\n\n\n<p class=\"wp-block-paragraph\">Este evento fue posible gracias al patrocinio de GS1 Argentina, NESTL\u00c9, DREAMCO Y BROTHER. Con la colaboraci\u00f3n de DSM-FIRMENICH, MOET HENNESSY y los partner tecnol\u00f3gicos CLOUD SOLUTION Y SILTIUM.<\/p>\n\n\n\n<p class=\"wp-block-paragraph\">El IV F\u00f3rum Nacional de Mercado, Consumo &amp; Log\u00edstica fue un espacio \u00fanico para fomentar el di\u00e1logo, explorar innovaciones y construir el futuro del consumo en Argentina y la regi\u00f3n.<\/p>\n\n\n\n<p class=\"wp-block-paragraph\">Fuente: LIDE Argentina, Grupo de l\u00edderes empresariales<\/p>\n\n\n\n<p class=\"wp-block-paragraph\"><\/p>\n","protected":false},"excerpt":{"rendered":"<p>LIDE Argentina reafirm\u00f3 su compromiso en el an\u00e1lisis y la innovaci\u00f3n en el sector consumo y retail al organizar el IV F\u00f3rum Nacional de Mercado, Consumo &amp; Log\u00edstica. Este evento&hellip; <\/p>\n","protected":false},"author":2,"featured_media":5160,"comment_status":"open","ping_status":"open","sticky":false,"template":"","format":"standard","meta":{"_monsterinsights_skip_tracking":false,"_jetpack_newsletter_access":"","_jetpack_dont_email_post_to_subs":false,"_jetpack_newsletter_tier_id":0,"_jetpack_memberships_contains_paywalled_content":false,"_wpcom_ai_launchpad_first_post":false,"_jetpack_feature_clip_id":0,"_jetpack_memberships_contains_paid_content":false,"footnotes":"","jetpack_post_was_ever_published":false},"categories":[7],"tags":[15,18,26,34],"class_list":["post-5158","post","type-post","status-publish","format-standard","has-post-thumbnail","hentry","category-gs1-en-accion","tag-ceos","tag-consumo","tag-evento","tag-logistica"],"yoast_head":"<!-- This site is optimized with the Yoast SEO plugin v28.3 - https:\/\/yoast.com\/product\/yoast-seo-wordpress\/ -->\n<title>IV F\u00f3rum Nacional de Mercado, Consumo &amp; Log\u00edstica, LIDE Argentina - C\u00f3digo N \u2022 GS1<\/title>\n<meta name=\"robots\" content=\"index, follow, max-snippet:-1, max-image-preview:large, max-video-preview:-1\" \/>\n<link rel=\"canonical\" href=\"https:\/\/codigon.gs1.org.ar\/index.php\/2025\/04\/11\/iv-forum-nacional-de-mercado-consumo-logistica-lide-argentina\/\" \/>\n<meta property=\"og:locale\" content=\"es_ES\" \/>\n<meta property=\"og:type\" content=\"article\" \/>\n<meta property=\"og:title\" content=\"IV F\u00f3rum Nacional de Mercado, Consumo &amp; Log\u00edstica, LIDE Argentina - C\u00f3digo N \u2022 GS1\" \/>\n<meta property=\"og:description\" content=\"LIDE Argentina reafirm\u00f3 su compromiso en el an\u00e1lisis y la innovaci\u00f3n en el sector consumo y retail al organizar el IV F\u00f3rum Nacional de Mercado, Consumo &amp; Log\u00edstica. Este evento&hellip;\" \/>\n<meta property=\"og:url\" content=\"https:\/\/codigon.gs1.org.ar\/index.php\/2025\/04\/11\/iv-forum-nacional-de-mercado-consumo-logistica-lide-argentina\/\" \/>\n<meta property=\"og:site_name\" content=\"C\u00f3digo N \u2022 GS1\" \/>\n<meta property=\"article:published_time\" content=\"2025-04-11T14:29:31+00:00\" \/>\n<meta name=\"author\" content=\"GS1 Argentina\" \/>\n<meta name=\"twitter:card\" content=\"summary_large_image\" \/>\n<meta name=\"twitter:label1\" content=\"Escrito por\" \/>\n\t<meta name=\"twitter:data1\" content=\"GS1 Argentina\" \/>\n\t<meta name=\"twitter:label2\" content=\"Tiempo de lectura\" \/>\n\t<meta name=\"twitter:data2\" content=\"2 minutos\" \/>\n<script type=\"application\/ld+json\" class=\"yoast-schema-graph\">{\"@context\":\"https:\\\/\\\/schema.org\",\"@graph\":[{\"@type\":\"Article\",\"@id\":\"https:\\\/\\\/codigon.gs1.org.ar\\\/index.php\\\/2025\\\/04\\\/11\\\/iv-forum-nacional-de-mercado-consumo-logistica-lide-argentina\\\/#article\",\"isPartOf\":{\"@id\":\"https:\\\/\\\/codigon.gs1.org.ar\\\/index.php\\\/2025\\\/04\\\/11\\\/iv-forum-nacional-de-mercado-consumo-logistica-lide-argentina\\\/\"},\"author\":{\"name\":\"GS1 Argentina\",\"@id\":\"https:\\\/\\\/codigon.gs1.org.ar\\\/#\\\/schema\\\/person\\\/e7fbae14eeca44ffe48eea621104dc9d\"},\"headline\":\"IV F\u00f3rum Nacional de Mercado, Consumo &amp; Log\u00edstica, LIDE Argentina\",\"datePublished\":\"2025-04-11T14:29:31+00:00\",\"mainEntityOfPage\":{\"@id\":\"https:\\\/\\\/codigon.gs1.org.ar\\\/index.php\\\/2025\\\/04\\\/11\\\/iv-forum-nacional-de-mercado-consumo-logistica-lide-argentina\\\/\"},\"wordCount\":475,\"commentCount\":0,\"publisher\":{\"@id\":\"https:\\\/\\\/codigon.gs1.org.ar\\\/#organization\"},\"image\":{\"@id\":\"https:\\\/\\\/codigon.gs1.org.ar\\\/index.php\\\/2025\\\/04\\\/11\\\/iv-forum-nacional-de-mercado-consumo-logistica-lide-argentina\\\/#primaryimage\"},\"thumbnailUrl\":\"\",\"keywords\":[\"ceos\",\"consumo\",\"evento\",\"logistica\"],\"articleSection\":[\"GS1 en Acci\u00f3n\"],\"inLanguage\":\"es\",\"potentialAction\":[{\"@type\":\"CommentAction\",\"name\":\"Comment\",\"target\":[\"https:\\\/\\\/codigon.gs1.org.ar\\\/index.php\\\/2025\\\/04\\\/11\\\/iv-forum-nacional-de-mercado-consumo-logistica-lide-argentina\\\/#respond\"]}]},{\"@type\":\"WebPage\",\"@id\":\"https:\\\/\\\/codigon.gs1.org.ar\\\/index.php\\\/2025\\\/04\\\/11\\\/iv-forum-nacional-de-mercado-consumo-logistica-lide-argentina\\\/\",\"url\":\"https:\\\/\\\/codigon.gs1.org.ar\\\/index.php\\\/2025\\\/04\\\/11\\\/iv-forum-nacional-de-mercado-consumo-logistica-lide-argentina\\\/\",\"name\":\"IV F\u00f3rum Nacional de Mercado, Consumo &amp; Log\u00edstica, LIDE Argentina - C\u00f3digo N \u2022 GS1\",\"isPartOf\":{\"@id\":\"https:\\\/\\\/codigon.gs1.org.ar\\\/#website\"},\"primaryImageOfPage\":{\"@id\":\"https:\\\/\\\/codigon.gs1.org.ar\\\/index.php\\\/2025\\\/04\\\/11\\\/iv-forum-nacional-de-mercado-consumo-logistica-lide-argentina\\\/#primaryimage\"},\"image\":{\"@id\":\"https:\\\/\\\/codigon.gs1.org.ar\\\/index.php\\\/2025\\\/04\\\/11\\\/iv-forum-nacional-de-mercado-consumo-logistica-lide-argentina\\\/#primaryimage\"},\"thumbnailUrl\":\"\",\"datePublished\":\"2025-04-11T14:29:31+00:00\",\"breadcrumb\":{\"@id\":\"https:\\\/\\\/codigon.gs1.org.ar\\\/index.php\\\/2025\\\/04\\\/11\\\/iv-forum-nacional-de-mercado-consumo-logistica-lide-argentina\\\/#breadcrumb\"},\"inLanguage\":\"es\",\"potentialAction\":[{\"@type\":\"ReadAction\",\"target\":[\"https:\\\/\\\/codigon.gs1.org.ar\\\/index.php\\\/2025\\\/04\\\/11\\\/iv-forum-nacional-de-mercado-consumo-logistica-lide-argentina\\\/\"]}]},{\"@type\":\"ImageObject\",\"inLanguage\":\"es\",\"@id\":\"https:\\\/\\\/codigon.gs1.org.ar\\\/index.php\\\/2025\\\/04\\\/11\\\/iv-forum-nacional-de-mercado-consumo-logistica-lide-argentina\\\/#primaryimage\",\"url\":\"\",\"contentUrl\":\"\"},{\"@type\":\"BreadcrumbList\",\"@id\":\"https:\\\/\\\/codigon.gs1.org.ar\\\/index.php\\\/2025\\\/04\\\/11\\\/iv-forum-nacional-de-mercado-consumo-logistica-lide-argentina\\\/#breadcrumb\",\"itemListElement\":[{\"@type\":\"ListItem\",\"position\":1,\"name\":\"Inicio\",\"item\":\"https:\\\/\\\/codigon.gs1.org.ar\\\/\"},{\"@type\":\"ListItem\",\"position\":2,\"name\":\"GS1 en Acci\u00f3n\",\"item\":\"https:\\\/\\\/codigon.gs1.org.ar\\\/index.php\\\/category\\\/gs1-en-accion\\\/\"},{\"@type\":\"ListItem\",\"position\":3,\"name\":\"IV F\u00f3rum Nacional de Mercado, Consumo &amp; Log\u00edstica, LIDE Argentina\"}]},{\"@type\":\"WebSite\",\"@id\":\"https:\\\/\\\/codigon.gs1.org.ar\\\/#website\",\"url\":\"https:\\\/\\\/codigon.gs1.org.ar\\\/\",\"name\":\"Gs1 \u2022\u00a0Noticias\",\"description\":\"Informaci\u00f3n que conecta negocios\",\"publisher\":{\"@id\":\"https:\\\/\\\/codigon.gs1.org.ar\\\/#organization\"},\"potentialAction\":[{\"@type\":\"SearchAction\",\"target\":{\"@type\":\"EntryPoint\",\"urlTemplate\":\"https:\\\/\\\/codigon.gs1.org.ar\\\/?s={search_term_string}\"},\"query-input\":{\"@type\":\"PropertyValueSpecification\",\"valueRequired\":true,\"valueName\":\"search_term_string\"}}],\"inLanguage\":\"es\"},{\"@type\":\"Organization\",\"@id\":\"https:\\\/\\\/codigon.gs1.org.ar\\\/#organization\",\"name\":\"Gs1 \u2022\u00a0Noticias\",\"url\":\"https:\\\/\\\/codigon.gs1.org.ar\\\/\",\"logo\":{\"@type\":\"ImageObject\",\"inLanguage\":\"es\",\"@id\":\"https:\\\/\\\/codigon.gs1.org.ar\\\/#\\\/schema\\\/logo\\\/image\\\/\",\"url\":\"https:\\\/\\\/codigon.gs1.org.ar\\\/wp-content\\\/uploads\\\/2026\\\/06\\\/logo_codigo_news_02.jpg\",\"contentUrl\":\"https:\\\/\\\/codigon.gs1.org.ar\\\/wp-content\\\/uploads\\\/2026\\\/06\\\/logo_codigo_news_02.jpg\",\"width\":1523,\"height\":207,\"caption\":\"Gs1 \u2022\u00a0Noticias\"},\"image\":{\"@id\":\"https:\\\/\\\/codigon.gs1.org.ar\\\/#\\\/schema\\\/logo\\\/image\\\/\"}},{\"@type\":\"Person\",\"@id\":\"https:\\\/\\\/codigon.gs1.org.ar\\\/#\\\/schema\\\/person\\\/e7fbae14eeca44ffe48eea621104dc9d\",\"name\":\"GS1 Argentina\",\"image\":{\"@type\":\"ImageObject\",\"inLanguage\":\"es\",\"@id\":\"https:\\\/\\\/secure.gravatar.com\\\/avatar\\\/d8922d0203802ad4f71f9376d213302aa284e6a5e4a265178bb0f3de8c2b43d2?s=96&d=mm&r=g\",\"url\":\"https:\\\/\\\/secure.gravatar.com\\\/avatar\\\/d8922d0203802ad4f71f9376d213302aa284e6a5e4a265178bb0f3de8c2b43d2?s=96&d=mm&r=g\",\"contentUrl\":\"https:\\\/\\\/secure.gravatar.com\\\/avatar\\\/d8922d0203802ad4f71f9376d213302aa284e6a5e4a265178bb0f3de8c2b43d2?s=96&d=mm&r=g\",\"caption\":\"GS1 Argentina\"},\"url\":\"https:\\\/\\\/codigon.gs1.org.ar\\\/index.php\\\/author\\\/tojedags1\\\/\"}]}<\/script>\n<!-- \/ Yoast SEO plugin. -->","yoast_head_json":{"title":"IV F\u00f3rum Nacional de Mercado, Consumo &amp; Log\u00edstica, LIDE Argentina - C\u00f3digo N \u2022 GS1","robots":{"index":"index","follow":"follow","max-snippet":"max-snippet:-1","max-image-preview":"max-image-preview:large","max-video-preview":"max-video-preview:-1"},"canonical":"https:\/\/codigon.gs1.org.ar\/index.php\/2025\/04\/11\/iv-forum-nacional-de-mercado-consumo-logistica-lide-argentina\/","og_locale":"es_ES","og_type":"article","og_title":"IV F\u00f3rum Nacional de Mercado, Consumo &amp; Log\u00edstica, LIDE Argentina - C\u00f3digo N \u2022 GS1","og_description":"LIDE Argentina reafirm\u00f3 su compromiso en el an\u00e1lisis y la innovaci\u00f3n en el sector consumo y retail al organizar el IV F\u00f3rum Nacional de Mercado, Consumo &amp; Log\u00edstica. Este evento&hellip;","og_url":"https:\/\/codigon.gs1.org.ar\/index.php\/2025\/04\/11\/iv-forum-nacional-de-mercado-consumo-logistica-lide-argentina\/","og_site_name":"C\u00f3digo N \u2022 GS1","article_published_time":"2025-04-11T14:29:31+00:00","author":"GS1 Argentina","twitter_card":"summary_large_image","twitter_misc":{"Escrito por":"GS1 Argentina","Tiempo de lectura":"2 minutos"},"schema":{"@context":"https:\/\/schema.org","@graph":[{"@type":"Article","@id":"https:\/\/codigon.gs1.org.ar\/index.php\/2025\/04\/11\/iv-forum-nacional-de-mercado-consumo-logistica-lide-argentina\/#article","isPartOf":{"@id":"https:\/\/codigon.gs1.org.ar\/index.php\/2025\/04\/11\/iv-forum-nacional-de-mercado-consumo-logistica-lide-argentina\/"},"author":{"name":"GS1 Argentina","@id":"https:\/\/codigon.gs1.org.ar\/#\/schema\/person\/e7fbae14eeca44ffe48eea621104dc9d"},"headline":"IV F\u00f3rum Nacional de Mercado, Consumo &amp; Log\u00edstica, LIDE Argentina","datePublished":"2025-04-11T14:29:31+00:00","mainEntityOfPage":{"@id":"https:\/\/codigon.gs1.org.ar\/index.php\/2025\/04\/11\/iv-forum-nacional-de-mercado-consumo-logistica-lide-argentina\/"},"wordCount":475,"commentCount":0,"publisher":{"@id":"https:\/\/codigon.gs1.org.ar\/#organization"},"image":{"@id":"https:\/\/codigon.gs1.org.ar\/index.php\/2025\/04\/11\/iv-forum-nacional-de-mercado-consumo-logistica-lide-argentina\/#primaryimage"},"thumbnailUrl":"","keywords":["ceos","consumo","evento","logistica"],"articleSection":["GS1 en Acci\u00f3n"],"inLanguage":"es","potentialAction":[{"@type":"CommentAction","name":"Comment","target":["https:\/\/codigon.gs1.org.ar\/index.php\/2025\/04\/11\/iv-forum-nacional-de-mercado-consumo-logistica-lide-argentina\/#respond"]}]},{"@type":"WebPage","@id":"https:\/\/codigon.gs1.org.ar\/index.php\/2025\/04\/11\/iv-forum-nacional-de-mercado-consumo-logistica-lide-argentina\/","url":"https:\/\/codigon.gs1.org.ar\/index.php\/2025\/04\/11\/iv-forum-nacional-de-mercado-consumo-logistica-lide-argentina\/","name":"IV F\u00f3rum Nacional de Mercado, Consumo &amp; Log\u00edstica, LIDE Argentina - C\u00f3digo N \u2022 GS1","isPartOf":{"@id":"https:\/\/codigon.gs1.org.ar\/#website"},"primaryImageOfPage":{"@id":"https:\/\/codigon.gs1.org.ar\/index.php\/2025\/04\/11\/iv-forum-nacional-de-mercado-consumo-logistica-lide-argentina\/#primaryimage"},"image":{"@id":"https:\/\/codigon.gs1.org.ar\/index.php\/2025\/04\/11\/iv-forum-nacional-de-mercado-consumo-logistica-lide-argentina\/#primaryimage"},"thumbnailUrl":"","datePublished":"2025-04-11T14:29:31+00:00","breadcrumb":{"@id":"https:\/\/codigon.gs1.org.ar\/index.php\/2025\/04\/11\/iv-forum-nacional-de-mercado-consumo-logistica-lide-argentina\/#breadcrumb"},"inLanguage":"es","potentialAction":[{"@type":"ReadAction","target":["https:\/\/codigon.gs1.org.ar\/index.php\/2025\/04\/11\/iv-forum-nacional-de-mercado-consumo-logistica-lide-argentina\/"]}]},{"@type":"ImageObject","inLanguage":"es","@id":"https:\/\/codigon.gs1.org.ar\/index.php\/2025\/04\/11\/iv-forum-nacional-de-mercado-consumo-logistica-lide-argentina\/#primaryimage","url":"","contentUrl":""},{"@type":"BreadcrumbList","@id":"https:\/\/codigon.gs1.org.ar\/index.php\/2025\/04\/11\/iv-forum-nacional-de-mercado-consumo-logistica-lide-argentina\/#breadcrumb","itemListElement":[{"@type":"ListItem","position":1,"name":"Inicio","item":"https:\/\/codigon.gs1.org.ar\/"},{"@type":"ListItem","position":2,"name":"GS1 en Acci\u00f3n","item":"https:\/\/codigon.gs1.org.ar\/index.php\/category\/gs1-en-accion\/"},{"@type":"ListItem","position":3,"name":"IV F\u00f3rum Nacional de Mercado, Consumo &amp; Log\u00edstica, LIDE Argentina"}]},{"@type":"WebSite","@id":"https:\/\/codigon.gs1.org.ar\/#website","url":"https:\/\/codigon.gs1.org.ar\/","name":"Gs1 \u2022\u00a0Noticias","description":"Informaci\u00f3n que conecta negocios","publisher":{"@id":"https:\/\/codigon.gs1.org.ar\/#organization"},"potentialAction":[{"@type":"SearchAction","target":{"@type":"EntryPoint","urlTemplate":"https:\/\/codigon.gs1.org.ar\/?s={search_term_string}"},"query-input":{"@type":"PropertyValueSpecification","valueRequired":true,"valueName":"search_term_string"}}],"inLanguage":"es"},{"@type":"Organization","@id":"https:\/\/codigon.gs1.org.ar\/#organization","name":"Gs1 \u2022\u00a0Noticias","url":"https:\/\/codigon.gs1.org.ar\/","logo":{"@type":"ImageObject","inLanguage":"es","@id":"https:\/\/codigon.gs1.org.ar\/#\/schema\/logo\/image\/","url":"https:\/\/codigon.gs1.org.ar\/wp-content\/uploads\/2026\/06\/logo_codigo_news_02.jpg","contentUrl":"https:\/\/codigon.gs1.org.ar\/wp-content\/uploads\/2026\/06\/logo_codigo_news_02.jpg","width":1523,"height":207,"caption":"Gs1 \u2022\u00a0Noticias"},"image":{"@id":"https:\/\/codigon.gs1.org.ar\/#\/schema\/logo\/image\/"}},{"@type":"Person","@id":"https:\/\/codigon.gs1.org.ar\/#\/schema\/person\/e7fbae14eeca44ffe48eea621104dc9d","name":"GS1 Argentina","image":{"@type":"ImageObject","inLanguage":"es","@id":"https:\/\/secure.gravatar.com\/avatar\/d8922d0203802ad4f71f9376d213302aa284e6a5e4a265178bb0f3de8c2b43d2?s=96&d=mm&r=g","url":"https:\/\/secure.gravatar.com\/avatar\/d8922d0203802ad4f71f9376d213302aa284e6a5e4a265178bb0f3de8c2b43d2?s=96&d=mm&r=g","contentUrl":"https:\/\/secure.gravatar.com\/avatar\/d8922d0203802ad4f71f9376d213302aa284e6a5e4a265178bb0f3de8c2b43d2?s=96&d=mm&r=g","caption":"GS1 Argentina"},"url":"https:\/\/codigon.gs1.org.ar\/index.php\/author\/tojedags1\/"}]}},"jetpack_sharing_enabled":true,"jetpack_shortlink":"https:\/\/wp.me\/pbkBOb-1lc","jetpack_featured_media_url":"","_links":{"self":[{"href":"https:\/\/codigon.gs1.org.ar\/index.php\/wp-json\/wp\/v2\/posts\/5158","targetHints":{"allow":["GET"]}}],"collection":[{"href":"https:\/\/codigon.gs1.org.ar\/index.php\/wp-json\/wp\/v2\/posts"}],"about":[{"href":"https:\/\/codigon.gs1.org.ar\/index.php\/wp-json\/wp\/v2\/types\/post"}],"author":[{"embeddable":true,"href":"https:\/\/codigon.gs1.org.ar\/index.php\/wp-json\/wp\/v2\/users\/2"}],"replies":[{"embeddable":true,"href":"https:\/\/codigon.gs1.org.ar\/index.php\/wp-json\/wp\/v2\/comments?post=5158"}],"version-history":[{"count":0,"href":"https:\/\/codigon.gs1.org.ar\/index.php\/wp-json\/wp\/v2\/posts\/5158\/revisions"}],"wp:attachment":[{"href":"https:\/\/codigon.gs1.org.ar\/index.php\/wp-json\/wp\/v2\/media?parent=5158"}],"wp:term":[{"taxonomy":"category","embeddable":true,"href":"https:\/\/codigon.gs1.org.ar\/index.php\/wp-json\/wp\/v2\/categories?post=5158"},{"taxonomy":"post_tag","embeddable":true,"href":"https:\/\/codigon.gs1.org.ar\/index.php\/wp-json\/wp\/v2\/tags?post=5158"}],"curies":[{"name":"wp","href":"https:\/\/api.w.org\/{rel}","templated":true}]}}