{"id":4176,"date":"2023-01-03T13:25:20","date_gmt":"2023-01-03T16:25:20","guid":{"rendered":"https:\/\/noticias.gs1.org.ar\/?p=4176"},"modified":"2023-01-03T13:25:20","modified_gmt":"2023-01-03T16:25:20","slug":"potenciando-la-transformacion-digital-del-sector-minorista","status":"publish","type":"post","link":"https:\/\/codigon.gs1.org.ar\/index.php\/2023\/01\/03\/potenciando-la-transformacion-digital-del-sector-minorista\/","title":{"rendered":"Potenciando la transformaci\u00f3n digital del sector minorista"},"content":{"rendered":"\n<p class=\"wp-block-paragraph\"><\/p>\n\n\n\n<figure class=\"wp-block-image size-large\"><img decoding=\"async\" src=\"https:\/\/codigon.gs1.org.ar\/wp-content\/uploads\/2023\/01\/Blog-22-1024x512.png\" alt=\"\" class=\"wp-image-4178\"\/><\/figure>\n\n\n\n<p class=\"wp-block-paragraph\"><\/p>\n\n\n\n<p class=\"wp-block-paragraph\">    Ya sea en bienes de consumo envasados, alimentos frescos, prendas de vestir o mercanc\u00eda general, en tiendas f\u00edsicas o en l\u00ednea, GS1 se compromete a apoyar la transformaci\u00f3n digital del sector minorista. Estamos trabajando para habilitar una identidad de producto ubicua y verificable con informaci\u00f3n de producto digital precisa, completa y armonizada. Esta es la base para una cadena de suministro eficiente, resistente y transparente. Tambi\u00e9n ayudar\u00e1 a los actores de cualquier subsector minorista a cumplir con los requisitos reglamentarios, implementar programas de trazabilidad y cumplir con los objetivos de sostenibilidad.<\/p>\n\n\n\n<p class=\"wp-block-paragraph\">Varias iniciativas centrales de GS1 son particularmente importantes para el sector minorista, incluido <em>Verified by GS1<\/em>, el Modelo de datos global y nuestro apoyo activo para una migraci\u00f3n global a c\u00f3digos de barras 2D.<\/p>\n\n\n\n<p class=\"wp-block-paragraph\">Estos programas trabajan juntos para brindar un gran valor: los minoristas y los mercados pueden verificar los datos del producto y recibir un conjunto est\u00e1ndar de informaci\u00f3n del producto de los fabricantes para entregar a los consumidores y operadores de tiendas. Con un suave \u00abbip\u00bb en el registro, los consumidores pueden comprar un producto y usar su c\u00f3digo de barras 2D \u00fanico para obtener la informaci\u00f3n que desean en la web.<\/p>\n\n\n\n<p class=\"wp-block-paragraph\">Un logro clave del a\u00f1o pasado es el lanzamiento en julio de 2021 del <em>GS1 Global Retail Industry Group<\/em> . M\u00e1s de dos docenas de minoristas y propietarios de marcas de todo el mundo se re\u00fanen trimestralmente para intercambiar experiencias y mejores pr\u00e1cticas sobre la implementaci\u00f3n de est\u00e1ndares y servicios GS1.<\/p>\n\n\n\n<p class=\"wp-block-paragraph\">Nuestra asociaci\u00f3n con las empresas en el Foro de Bienes de Consumo (CGF) ha seguido floreciendo. Al trabajar en colaboraci\u00f3n con estas empresas, logramos avances notables en muchos pa\u00edses en programas que respaldan la ubicuidad de GTIN y promueven el uso de <em>Verified by GS1,<\/em> incluido el uso del servicio gratuito <em>Verified by GS1.<\/em><\/p>\n\n\n\n<p class=\"wp-block-paragraph\">Los est\u00e1ndares y servicios de GS1 crean la base para una mayor transparencia para el consumidor, una mayor eficiencia operativa y una econom\u00eda m\u00e1s sostenible y circular. En los sectores de prendas de vestir y mercanc\u00edas en general , nuestro enfoque sigue siendo garantizar procesos comerciales seguros y eficientes gracias a la ubicuidad e integridad de <em>GTIN<\/em> para la identificaci\u00f3n \u00fanica y persistente de todos los art\u00edculos comercializados.<\/p>\n\n\n\n<p class=\"wp-block-paragraph\">La ropa es uno de los primeros sectores en consideraci\u00f3n para la implementaci\u00f3n del Pasaporte de Producto Digital de la UE, una iniciativa que requerir\u00e1 acceso a los datos maestros de un producto, datos de trazabilidad y atributos de datos \u00abverdes\u00bb para todos los que venden en la Uni\u00f3n Europea, por lo que han estado tomando medidas para permitir que la industria est\u00e9 preparada para ello.<\/p>\n\n\n\n<p class=\"wp-block-paragraph\">En alimentos frescos , seguimos enfocados en fortalecer la identificaci\u00f3n y la digitalizaci\u00f3n y desarrollar oportunidades para que los actores en esta \u00e1rea se beneficien de un mayor uso de los Registros GS1.<\/p>\n\n\n\n<p class=\"wp-block-paragraph\">Estamos ayudando activamente a las Organizaciones miembro de GS1 a involucrarse con sus miembros en iniciativas de trazabilidad. Y, por supuesto, seguimos apoyando la implementaci\u00f3n de c\u00f3digos de barras 2D. Dado que los n\u00fameros de partida y lote y las fechas de caducidad son tan importantes en los alimentos frescos, este sector fue uno de los primeros en adoptar los c\u00f3digos de barras 2D. Hay muchos casos de uso avanzados que muestran c\u00f3mo 2D permite a los productores, proveedores y minoristas de alimentos frescos, tanto grandes como peque\u00f1os, reducir el desperdicio de alimentos, optimizar el inventario y acelerar las retiradas.<\/p>\n\n\n\n<p class=\"wp-block-paragraph\">El \u00abbip\u00bb del c\u00f3digo de barras GS1 se escucha en las cajas de las tiendas miles de millones de veces al d\u00eda. Hoy imaginamos un mundo en el que los pitidos de los c\u00f3digos de barras 2D brindar\u00e1n acceso a pr\u00e1cticamente toda la informaci\u00f3n sobre un producto, gracias al GS1 <em>GTIN<\/em> como identificador central y enlaces a muchas fuentes de datos.<\/p>\n\n\n\n<p class=\"wp-block-paragraph\">Para mantenerse actualizado sobre nuestras \u00faltimas acciones y logros, visite nuestra p\u00e1gina dedicada al comercio minorista y para conocer m\u00e1s historias exitosas en otros sectores, consulte el Informe anual GS1 2021-2022 .<\/p>\n\n\n\n<p class=\"wp-block-paragraph\">Fuente: GS1 Global<\/p>\n","protected":false},"excerpt":{"rendered":"<p>Ya sea en bienes de consumo envasados, alimentos frescos, prendas de vestir o mercanc\u00eda general, en tiendas f\u00edsicas o en l\u00ednea, GS1 se compromete a apoyar la transformaci\u00f3n digital del&hellip; <\/p>\n","protected":false},"author":2,"featured_media":4178,"comment_status":"open","ping_status":"open","sticky":false,"template":"","format":"standard","meta":{"_monsterinsights_skip_tracking":false,"_jetpack_newsletter_access":"","_jetpack_dont_email_post_to_subs":false,"_jetpack_newsletter_tier_id":0,"_jetpack_memberships_contains_paywalled_content":false,"_wpcom_ai_launchpad_first_post":false,"_jetpack_feature_clip_id":0,"_jetpack_memberships_contains_paid_content":false,"footnotes":"","jetpack_post_was_ever_published":false},"categories":[6],"tags":[],"class_list":["post-4176","post","type-post","status-publish","format-standard","has-post-thumbnail","hentry","category-estandares-gs1"],"yoast_head":"<!-- This site is optimized with the Yoast SEO plugin v28.4 - https:\/\/yoast.com\/product\/yoast-seo-wordpress\/ -->\n<title>Potenciando la transformaci\u00f3n digital del sector minorista - C\u00f3digo N \u2022 GS1<\/title>\n<meta name=\"robots\" content=\"index, follow, max-snippet:-1, max-image-preview:large, max-video-preview:-1\" \/>\n<link rel=\"canonical\" href=\"https:\/\/codigon.gs1.org.ar\/index.php\/2023\/01\/03\/potenciando-la-transformacion-digital-del-sector-minorista\/\" \/>\n<meta property=\"og:locale\" content=\"es_ES\" \/>\n<meta property=\"og:type\" content=\"article\" \/>\n<meta property=\"og:title\" content=\"Potenciando la transformaci\u00f3n digital del sector minorista - C\u00f3digo N \u2022 GS1\" \/>\n<meta property=\"og:description\" content=\"Ya sea en bienes de consumo envasados, alimentos frescos, prendas de vestir o mercanc\u00eda general, en tiendas f\u00edsicas o en l\u00ednea, GS1 se compromete a apoyar la transformaci\u00f3n digital del&hellip;\" \/>\n<meta property=\"og:url\" content=\"https:\/\/codigon.gs1.org.ar\/index.php\/2023\/01\/03\/potenciando-la-transformacion-digital-del-sector-minorista\/\" \/>\n<meta property=\"og:site_name\" content=\"C\u00f3digo N \u2022 GS1\" \/>\n<meta property=\"article:published_time\" content=\"2023-01-03T16:25:20+00:00\" \/>\n<meta name=\"author\" content=\"GS1 Argentina\" \/>\n<meta name=\"twitter:card\" content=\"summary_large_image\" \/>\n<meta name=\"twitter:label1\" content=\"Escrito por\" \/>\n\t<meta name=\"twitter:data1\" content=\"GS1 Argentina\" \/>\n\t<meta name=\"twitter:label2\" content=\"Tiempo de lectura\" \/>\n\t<meta name=\"twitter:data2\" content=\"4 minutos\" \/>\n<script type=\"application\/ld+json\" class=\"yoast-schema-graph\">{\"@context\":\"https:\\\/\\\/schema.org\",\"@graph\":[{\"@type\":\"Article\",\"@id\":\"https:\\\/\\\/codigon.gs1.org.ar\\\/index.php\\\/2023\\\/01\\\/03\\\/potenciando-la-transformacion-digital-del-sector-minorista\\\/#article\",\"isPartOf\":{\"@id\":\"https:\\\/\\\/codigon.gs1.org.ar\\\/index.php\\\/2023\\\/01\\\/03\\\/potenciando-la-transformacion-digital-del-sector-minorista\\\/\"},\"author\":{\"name\":\"GS1 Argentina\",\"@id\":\"https:\\\/\\\/codigon.gs1.org.ar\\\/#\\\/schema\\\/person\\\/e7fbae14eeca44ffe48eea621104dc9d\"},\"headline\":\"Potenciando la transformaci\u00f3n digital del sector minorista\",\"datePublished\":\"2023-01-03T16:25:20+00:00\",\"mainEntityOfPage\":{\"@id\":\"https:\\\/\\\/codigon.gs1.org.ar\\\/index.php\\\/2023\\\/01\\\/03\\\/potenciando-la-transformacion-digital-del-sector-minorista\\\/\"},\"wordCount\":713,\"commentCount\":0,\"publisher\":{\"@id\":\"https:\\\/\\\/codigon.gs1.org.ar\\\/#organization\"},\"image\":{\"@id\":\"https:\\\/\\\/codigon.gs1.org.ar\\\/index.php\\\/2023\\\/01\\\/03\\\/potenciando-la-transformacion-digital-del-sector-minorista\\\/#primaryimage\"},\"thumbnailUrl\":\"\",\"articleSection\":[\"Est\u00e1ndares GS1\"],\"inLanguage\":\"es\",\"potentialAction\":[{\"@type\":\"CommentAction\",\"name\":\"Comment\",\"target\":[\"https:\\\/\\\/codigon.gs1.org.ar\\\/index.php\\\/2023\\\/01\\\/03\\\/potenciando-la-transformacion-digital-del-sector-minorista\\\/#respond\"]}]},{\"@type\":\"WebPage\",\"@id\":\"https:\\\/\\\/codigon.gs1.org.ar\\\/index.php\\\/2023\\\/01\\\/03\\\/potenciando-la-transformacion-digital-del-sector-minorista\\\/\",\"url\":\"https:\\\/\\\/codigon.gs1.org.ar\\\/index.php\\\/2023\\\/01\\\/03\\\/potenciando-la-transformacion-digital-del-sector-minorista\\\/\",\"name\":\"Potenciando la transformaci\u00f3n digital del sector minorista - C\u00f3digo N \u2022 GS1\",\"isPartOf\":{\"@id\":\"https:\\\/\\\/codigon.gs1.org.ar\\\/#website\"},\"primaryImageOfPage\":{\"@id\":\"https:\\\/\\\/codigon.gs1.org.ar\\\/index.php\\\/2023\\\/01\\\/03\\\/potenciando-la-transformacion-digital-del-sector-minorista\\\/#primaryimage\"},\"image\":{\"@id\":\"https:\\\/\\\/codigon.gs1.org.ar\\\/index.php\\\/2023\\\/01\\\/03\\\/potenciando-la-transformacion-digital-del-sector-minorista\\\/#primaryimage\"},\"thumbnailUrl\":\"\",\"datePublished\":\"2023-01-03T16:25:20+00:00\",\"breadcrumb\":{\"@id\":\"https:\\\/\\\/codigon.gs1.org.ar\\\/index.php\\\/2023\\\/01\\\/03\\\/potenciando-la-transformacion-digital-del-sector-minorista\\\/#breadcrumb\"},\"inLanguage\":\"es\",\"potentialAction\":[{\"@type\":\"ReadAction\",\"target\":[\"https:\\\/\\\/codigon.gs1.org.ar\\\/index.php\\\/2023\\\/01\\\/03\\\/potenciando-la-transformacion-digital-del-sector-minorista\\\/\"]}]},{\"@type\":\"ImageObject\",\"inLanguage\":\"es\",\"@id\":\"https:\\\/\\\/codigon.gs1.org.ar\\\/index.php\\\/2023\\\/01\\\/03\\\/potenciando-la-transformacion-digital-del-sector-minorista\\\/#primaryimage\",\"url\":\"\",\"contentUrl\":\"\"},{\"@type\":\"BreadcrumbList\",\"@id\":\"https:\\\/\\\/codigon.gs1.org.ar\\\/index.php\\\/2023\\\/01\\\/03\\\/potenciando-la-transformacion-digital-del-sector-minorista\\\/#breadcrumb\",\"itemListElement\":[{\"@type\":\"ListItem\",\"position\":1,\"name\":\"Inicio\",\"item\":\"https:\\\/\\\/codigon.gs1.org.ar\\\/\"},{\"@type\":\"ListItem\",\"position\":2,\"name\":\"Est\u00e1ndares GS1\",\"item\":\"https:\\\/\\\/codigon.gs1.org.ar\\\/index.php\\\/category\\\/estandares-gs1\\\/\"},{\"@type\":\"ListItem\",\"position\":3,\"name\":\"Potenciando la transformaci\u00f3n digital del sector minorista\"}]},{\"@type\":\"WebSite\",\"@id\":\"https:\\\/\\\/codigon.gs1.org.ar\\\/#website\",\"url\":\"https:\\\/\\\/codigon.gs1.org.ar\\\/\",\"name\":\"Gs1 \u2022\u00a0Noticias\",\"description\":\"Informaci\u00f3n que conecta negocios\",\"publisher\":{\"@id\":\"https:\\\/\\\/codigon.gs1.org.ar\\\/#organization\"},\"potentialAction\":[{\"@type\":\"SearchAction\",\"target\":{\"@type\":\"EntryPoint\",\"urlTemplate\":\"https:\\\/\\\/codigon.gs1.org.ar\\\/?s={search_term_string}\"},\"query-input\":{\"@type\":\"PropertyValueSpecification\",\"valueRequired\":true,\"valueName\":\"search_term_string\"}}],\"inLanguage\":\"es\"},{\"@type\":\"Organization\",\"@id\":\"https:\\\/\\\/codigon.gs1.org.ar\\\/#organization\",\"name\":\"Gs1 \u2022\u00a0Noticias\",\"url\":\"https:\\\/\\\/codigon.gs1.org.ar\\\/\",\"logo\":{\"@type\":\"ImageObject\",\"inLanguage\":\"es\",\"@id\":\"https:\\\/\\\/codigon.gs1.org.ar\\\/#\\\/schema\\\/logo\\\/image\\\/\",\"url\":\"https:\\\/\\\/codigon.gs1.org.ar\\\/wp-content\\\/uploads\\\/2026\\\/06\\\/logo_codigo_news_02.jpg\",\"contentUrl\":\"https:\\\/\\\/codigon.gs1.org.ar\\\/wp-content\\\/uploads\\\/2026\\\/06\\\/logo_codigo_news_02.jpg\",\"width\":1523,\"height\":207,\"caption\":\"Gs1 \u2022\u00a0Noticias\"},\"image\":{\"@id\":\"https:\\\/\\\/codigon.gs1.org.ar\\\/#\\\/schema\\\/logo\\\/image\\\/\"}},{\"@type\":\"Person\",\"@id\":\"https:\\\/\\\/codigon.gs1.org.ar\\\/#\\\/schema\\\/person\\\/e7fbae14eeca44ffe48eea621104dc9d\",\"name\":\"GS1 Argentina\",\"image\":{\"@type\":\"ImageObject\",\"inLanguage\":\"es\",\"@id\":\"https:\\\/\\\/secure.gravatar.com\\\/avatar\\\/d8922d0203802ad4f71f9376d213302aa284e6a5e4a265178bb0f3de8c2b43d2?s=96&d=mm&r=g\",\"url\":\"https:\\\/\\\/secure.gravatar.com\\\/avatar\\\/d8922d0203802ad4f71f9376d213302aa284e6a5e4a265178bb0f3de8c2b43d2?s=96&d=mm&r=g\",\"contentUrl\":\"https:\\\/\\\/secure.gravatar.com\\\/avatar\\\/d8922d0203802ad4f71f9376d213302aa284e6a5e4a265178bb0f3de8c2b43d2?s=96&d=mm&r=g\",\"caption\":\"GS1 Argentina\"},\"url\":\"https:\\\/\\\/codigon.gs1.org.ar\\\/index.php\\\/author\\\/tojedags1\\\/\"}]}<\/script>\n<!-- \/ Yoast SEO plugin. -->","yoast_head_json":{"title":"Potenciando la transformaci\u00f3n digital del sector minorista - C\u00f3digo N \u2022 GS1","robots":{"index":"index","follow":"follow","max-snippet":"max-snippet:-1","max-image-preview":"max-image-preview:large","max-video-preview":"max-video-preview:-1"},"canonical":"https:\/\/codigon.gs1.org.ar\/index.php\/2023\/01\/03\/potenciando-la-transformacion-digital-del-sector-minorista\/","og_locale":"es_ES","og_type":"article","og_title":"Potenciando la transformaci\u00f3n digital del sector minorista - C\u00f3digo N \u2022 GS1","og_description":"Ya sea en bienes de consumo envasados, alimentos frescos, prendas de vestir o mercanc\u00eda general, en tiendas f\u00edsicas o en l\u00ednea, GS1 se compromete a apoyar la transformaci\u00f3n digital del&hellip;","og_url":"https:\/\/codigon.gs1.org.ar\/index.php\/2023\/01\/03\/potenciando-la-transformacion-digital-del-sector-minorista\/","og_site_name":"C\u00f3digo N \u2022 GS1","article_published_time":"2023-01-03T16:25:20+00:00","author":"GS1 Argentina","twitter_card":"summary_large_image","twitter_misc":{"Escrito por":"GS1 Argentina","Tiempo de lectura":"4 minutos"},"schema":{"@context":"https:\/\/schema.org","@graph":[{"@type":"Article","@id":"https:\/\/codigon.gs1.org.ar\/index.php\/2023\/01\/03\/potenciando-la-transformacion-digital-del-sector-minorista\/#article","isPartOf":{"@id":"https:\/\/codigon.gs1.org.ar\/index.php\/2023\/01\/03\/potenciando-la-transformacion-digital-del-sector-minorista\/"},"author":{"name":"GS1 Argentina","@id":"https:\/\/codigon.gs1.org.ar\/#\/schema\/person\/e7fbae14eeca44ffe48eea621104dc9d"},"headline":"Potenciando la transformaci\u00f3n digital del sector minorista","datePublished":"2023-01-03T16:25:20+00:00","mainEntityOfPage":{"@id":"https:\/\/codigon.gs1.org.ar\/index.php\/2023\/01\/03\/potenciando-la-transformacion-digital-del-sector-minorista\/"},"wordCount":713,"commentCount":0,"publisher":{"@id":"https:\/\/codigon.gs1.org.ar\/#organization"},"image":{"@id":"https:\/\/codigon.gs1.org.ar\/index.php\/2023\/01\/03\/potenciando-la-transformacion-digital-del-sector-minorista\/#primaryimage"},"thumbnailUrl":"","articleSection":["Est\u00e1ndares GS1"],"inLanguage":"es","potentialAction":[{"@type":"CommentAction","name":"Comment","target":["https:\/\/codigon.gs1.org.ar\/index.php\/2023\/01\/03\/potenciando-la-transformacion-digital-del-sector-minorista\/#respond"]}]},{"@type":"WebPage","@id":"https:\/\/codigon.gs1.org.ar\/index.php\/2023\/01\/03\/potenciando-la-transformacion-digital-del-sector-minorista\/","url":"https:\/\/codigon.gs1.org.ar\/index.php\/2023\/01\/03\/potenciando-la-transformacion-digital-del-sector-minorista\/","name":"Potenciando la transformaci\u00f3n digital del sector minorista - C\u00f3digo N \u2022 GS1","isPartOf":{"@id":"https:\/\/codigon.gs1.org.ar\/#website"},"primaryImageOfPage":{"@id":"https:\/\/codigon.gs1.org.ar\/index.php\/2023\/01\/03\/potenciando-la-transformacion-digital-del-sector-minorista\/#primaryimage"},"image":{"@id":"https:\/\/codigon.gs1.org.ar\/index.php\/2023\/01\/03\/potenciando-la-transformacion-digital-del-sector-minorista\/#primaryimage"},"thumbnailUrl":"","datePublished":"2023-01-03T16:25:20+00:00","breadcrumb":{"@id":"https:\/\/codigon.gs1.org.ar\/index.php\/2023\/01\/03\/potenciando-la-transformacion-digital-del-sector-minorista\/#breadcrumb"},"inLanguage":"es","potentialAction":[{"@type":"ReadAction","target":["https:\/\/codigon.gs1.org.ar\/index.php\/2023\/01\/03\/potenciando-la-transformacion-digital-del-sector-minorista\/"]}]},{"@type":"ImageObject","inLanguage":"es","@id":"https:\/\/codigon.gs1.org.ar\/index.php\/2023\/01\/03\/potenciando-la-transformacion-digital-del-sector-minorista\/#primaryimage","url":"","contentUrl":""},{"@type":"BreadcrumbList","@id":"https:\/\/codigon.gs1.org.ar\/index.php\/2023\/01\/03\/potenciando-la-transformacion-digital-del-sector-minorista\/#breadcrumb","itemListElement":[{"@type":"ListItem","position":1,"name":"Inicio","item":"https:\/\/codigon.gs1.org.ar\/"},{"@type":"ListItem","position":2,"name":"Est\u00e1ndares GS1","item":"https:\/\/codigon.gs1.org.ar\/index.php\/category\/estandares-gs1\/"},{"@type":"ListItem","position":3,"name":"Potenciando la transformaci\u00f3n digital del sector minorista"}]},{"@type":"WebSite","@id":"https:\/\/codigon.gs1.org.ar\/#website","url":"https:\/\/codigon.gs1.org.ar\/","name":"Gs1 \u2022\u00a0Noticias","description":"Informaci\u00f3n que conecta negocios","publisher":{"@id":"https:\/\/codigon.gs1.org.ar\/#organization"},"potentialAction":[{"@type":"SearchAction","target":{"@type":"EntryPoint","urlTemplate":"https:\/\/codigon.gs1.org.ar\/?s={search_term_string}"},"query-input":{"@type":"PropertyValueSpecification","valueRequired":true,"valueName":"search_term_string"}}],"inLanguage":"es"},{"@type":"Organization","@id":"https:\/\/codigon.gs1.org.ar\/#organization","name":"Gs1 \u2022\u00a0Noticias","url":"https:\/\/codigon.gs1.org.ar\/","logo":{"@type":"ImageObject","inLanguage":"es","@id":"https:\/\/codigon.gs1.org.ar\/#\/schema\/logo\/image\/","url":"https:\/\/codigon.gs1.org.ar\/wp-content\/uploads\/2026\/06\/logo_codigo_news_02.jpg","contentUrl":"https:\/\/codigon.gs1.org.ar\/wp-content\/uploads\/2026\/06\/logo_codigo_news_02.jpg","width":1523,"height":207,"caption":"Gs1 \u2022\u00a0Noticias"},"image":{"@id":"https:\/\/codigon.gs1.org.ar\/#\/schema\/logo\/image\/"}},{"@type":"Person","@id":"https:\/\/codigon.gs1.org.ar\/#\/schema\/person\/e7fbae14eeca44ffe48eea621104dc9d","name":"GS1 Argentina","image":{"@type":"ImageObject","inLanguage":"es","@id":"https:\/\/secure.gravatar.com\/avatar\/d8922d0203802ad4f71f9376d213302aa284e6a5e4a265178bb0f3de8c2b43d2?s=96&d=mm&r=g","url":"https:\/\/secure.gravatar.com\/avatar\/d8922d0203802ad4f71f9376d213302aa284e6a5e4a265178bb0f3de8c2b43d2?s=96&d=mm&r=g","contentUrl":"https:\/\/secure.gravatar.com\/avatar\/d8922d0203802ad4f71f9376d213302aa284e6a5e4a265178bb0f3de8c2b43d2?s=96&d=mm&r=g","caption":"GS1 Argentina"},"url":"https:\/\/codigon.gs1.org.ar\/index.php\/author\/tojedags1\/"}]}},"jetpack_sharing_enabled":true,"jetpack_shortlink":"https:\/\/wp.me\/pbkBOb-15m","jetpack_featured_media_url":"","_links":{"self":[{"href":"https:\/\/codigon.gs1.org.ar\/index.php\/wp-json\/wp\/v2\/posts\/4176","targetHints":{"allow":["GET"]}}],"collection":[{"href":"https:\/\/codigon.gs1.org.ar\/index.php\/wp-json\/wp\/v2\/posts"}],"about":[{"href":"https:\/\/codigon.gs1.org.ar\/index.php\/wp-json\/wp\/v2\/types\/post"}],"author":[{"embeddable":true,"href":"https:\/\/codigon.gs1.org.ar\/index.php\/wp-json\/wp\/v2\/users\/2"}],"replies":[{"embeddable":true,"href":"https:\/\/codigon.gs1.org.ar\/index.php\/wp-json\/wp\/v2\/comments?post=4176"}],"version-history":[{"count":0,"href":"https:\/\/codigon.gs1.org.ar\/index.php\/wp-json\/wp\/v2\/posts\/4176\/revisions"}],"wp:attachment":[{"href":"https:\/\/codigon.gs1.org.ar\/index.php\/wp-json\/wp\/v2\/media?parent=4176"}],"wp:term":[{"taxonomy":"category","embeddable":true,"href":"https:\/\/codigon.gs1.org.ar\/index.php\/wp-json\/wp\/v2\/categories?post=4176"},{"taxonomy":"post_tag","embeddable":true,"href":"https:\/\/codigon.gs1.org.ar\/index.php\/wp-json\/wp\/v2\/tags?post=4176"}],"curies":[{"name":"wp","href":"https:\/\/api.w.org\/{rel}","templated":true}]}}