{"id":2279,"date":"2020-09-08T15:18:41","date_gmt":"2020-09-08T18:18:41","guid":{"rendered":"https:\/\/noticias.gs1.org.ar\/?p=2279"},"modified":"2020-09-08T15:18:41","modified_gmt":"2020-09-08T18:18:41","slug":"gs1-argentina-surfeando-la-cuarentena","status":"publish","type":"post","link":"https:\/\/codigon.gs1.org.ar\/index.php\/2020\/09\/08\/gs1-argentina-surfeando-la-cuarentena\/","title":{"rendered":"GS1 Argentina, surfeando la cuarentena"},"content":{"rendered":"\n<p class=\"wp-block-paragraph\"><\/p>\n\n\n\n<p class=\"wp-block-paragraph\"><strong>Guillermo Fazio<\/strong>, Head of Supply Chain para la Regi\u00f3n Plata de Nestl\u00e9 (Argentina, Uruguay &amp; Paraguay), y Chairman GS1, otorg\u00f3 una entrevista al Portal de noticias para dar su visi\u00f3n del impacto de la pandemia Covid-19 en la Organizaci\u00f3n, en su entorno y su equipo, de la necesidad de la readecuaci\u00f3n y proactividad, de lo que est\u00e1 sucediendo y de lo que piensa que va a suceder; tambi\u00e9n se refiri\u00f3 a los aportes de GS1 para sobrellevar la crisis sanitaria .<\/p>\n\n\n\n<p class=\"wp-block-paragraph\"><\/p>\n\n\n\n<p class=\"wp-block-paragraph\"><\/p>\n\n\n\n<figure class=\"wp-block-image size-large is-style-default\"><img loading=\"lazy\" decoding=\"async\" width=\"1024\" height=\"576\" src=\"https:\/\/codigon.gs1.org.ar\/wp-content\/uploads\/2020\/09\/guillermo-fazio-presidente-gs1-argentina-1024x576.jpg\" alt=\"\" class=\"wp-image-2355\" srcset=\"https:\/\/codigon.gs1.org.ar\/wp-content\/uploads\/2020\/09\/guillermo-fazio-presidente-gs1-argentina-1024x576.jpg 1024w, https:\/\/codigon.gs1.org.ar\/wp-content\/uploads\/2020\/09\/guillermo-fazio-presidente-gs1-argentina-300x169.jpg 300w, https:\/\/codigon.gs1.org.ar\/wp-content\/uploads\/2020\/09\/guillermo-fazio-presidente-gs1-argentina-768x432.jpg 768w, https:\/\/codigon.gs1.org.ar\/wp-content\/uploads\/2020\/09\/guillermo-fazio-presidente-gs1-argentina.jpg 1200w\" sizes=\"auto, (max-width: 1024px) 100vw, 1024px\" \/><\/figure>\n\n\n\n<p class=\"wp-block-paragraph\"><\/p>\n\n\n\n<p class=\"wp-block-paragraph\"><\/p>\n\n\n\n<ul class=\"wp-block-list\"><li><strong>\u00bfCu\u00e1les son los proyectos que ten\u00eda GS1 en carpeta al momento en que se inici\u00f3 la cuarentena en Argentina? \u00bfCu\u00e1l es la situaci\u00f3n de cada uno de ellos al presente?<\/strong><\/li><li><strong>Guillermo Fazio<\/strong>: Podemos afirmar que en GS1 la carpeta de proyectos habitual es bastante amplia y alcanza a las diversas \u00e1reas de trabajo que tenemos como Organizaci\u00f3n. Esos proyectos en Argentina incluyen desde alguno a nivel global como \u00a8Verified by GS1\u00a8, lanzado en 2019, que consiste en impulsar el uso de un Identificador \u00fanico de producto, m\u00e1s 6 atributos, en toda la cadena de abastecimiento y el comercio electr\u00f3nico, hasta otros m\u00e1s locales como el caso del \u00a8Programa de apoyo Pyme\u00a8, el \u00a8Sistema TrazAR\u00a8, la iniciativa de medici\u00f3n y optimizaci\u00f3n de \u00a8OSA\u00a8 &nbsp;(disponibilidad en g\u00f3ndola) o la implementacion de \u00a8 EDI GS1\u00a8.<\/li><\/ul>\n\n\n\n<p class=\"wp-block-paragraph\">La plataforma \u00a8EDI GS1\u00a8 en particular, se empez\u00f3 a desarrollar hace casi dos a\u00f1os. Se trata de un proyecto muy complejo que la pandemia no evit\u00f3 que siguiera evolucionando, que haya logrado en poco tiempo un funcionamiento muy eficiente y que se haya transformado en un referente para las empresas argentinas.  Uno de los est\u00e1ndares m\u00e1s importantes de GS1 a nivel mundial y apunta, en alguna medida, a la digitalizaci\u00f3n de las relaciones entre todos los actores de la econom\u00eda en su cadena productiva y su cadena de valor. Iniciamos este proceso convencidos de que \u00a8EDI GS1\u00a8 es una herramienta que permite democratizar los negocios facilitando a las Pymes el acceso a las mejores soluciones tecnol\u00f3gicas, a la posibilidad de integrarse entre ellas, e incluso a integrarse con las grandes compa\u00f1\u00edas y tambi\u00e9n con el estado, de igual a igual. Y esto tambi\u00e9n es clave sobre todo porque el estado, cada vez m\u00e1s protagonista, va a ir adoptando est\u00e1ndares que impondr\u00e1 a trav\u00e9s de sus distintos \u00f3rganos de contralor a toda la comunidad y que incluso, ha dado lugar a un \u00e1rea espec\u00edfica dentro de GS1 Argentina que trabaja en proyectos con el gobierno.<\/p>\n\n\n\n<p class=\"wp-block-paragraph\"><em>La plataforma \u00a8EDI GS1\u00a8 es una soluci\u00f3n que permite interconectar socios comerciales con la mejor tecnolog\u00eda que hoy por hoy hay disponible y que ya est\u00e1 operando con seis o siete proveedores, con unos veinticinco retailers, mayoristas y cadenas de supermercados nacionales, regionales e internacionales, empresas entre las que encontramos a algunas de la talla de Nestl\u00e9, La An\u00f3nima, Jumbo, &nbsp;Carrefour o Cooperativa Obrera, entre otros que ya est\u00e1n participando, interactuando y transfiri\u00e9ndose documentos con muy buenos resultados.<\/em><\/p>\n\n\n\n<p class=\"wp-block-paragraph\">Respecto del trabajo durante la pandemia, en realidad lo que tuvimos que hacer fue cambiar la forma de trabajo, pero la mayor\u00eda de los proyectos gracias a un gran esfuerzo del equipo, sigui\u00f3 avanzando a muy buen ritmo y normalmente, cumpliendo con los tiempos estimados previamente. En alg\u00fan caso, como el proceso de \u00a8OSA\u00a8 (On Shelf Availability), hemos tenido que redefinirlo sobre la marcha y adaptarlo a la coyuntura que nos toca vivir, pero tambi\u00e9n con muy buenos resultados. En el ejemplo de \u00a8OSA\u00a8, el equipo pudo implementar una variante de medici\u00f3n virtual de la disponibilidad de g\u00f3ndola y los faltantes en g\u00f3ndola, que ayud\u00f3 a tener un panorama real de la situaci\u00f3n durante estos meses en el sector supermercadista.<\/p>\n\n\n\n<p class=\"wp-block-paragraph\">Por otra parte, GS1 es parte del HUG (Healthcare User Group), un grupo de trabajo global que est\u00e1 compuesto por m\u00e1s de 500 empresas usuarias relacionadas con el sector del Cuidado de la Salud y tambi\u00e9n del IMPACT (International Medical Products Anti-Counterfeiting Taskforce), un Grupo de Trabajo especializado que depende de la Organizaci\u00f3n Mundial de la Salud. Es as\u00ed que no podemos dejar de destacar el importante rol de GS1 Global y GS1 Argentina en este contexto de crisis sanitaria en donde los est\u00e1ndares de identificaci\u00f3n DataMatrix y C\u00f3digo Electr\u00f3nico de Productos (EPC) se transforman en herramientas fundamentales para combatir falsificaciones, controlar productos e insumos, registrar informaci\u00f3n y alinear bases de datos entre los actores de la cadena de suministro, administrar pacientes y medicamentos, adoptar modelos de trazabilidad reconocidos por las legislaciones internacionales, registrar movimientos de materiales, pacientes y productos, etc.<\/p>\n\n\n\n<ul class=\"wp-block-list\"><li><strong>\u00bfC\u00f3mo ha impactado la pandemia en la Organizaci\u00f3n en general, en sus aliados, socios, proveedores, y en su propia estructura interna?<\/strong><\/li><li><strong>G. F.:<\/strong> Con respecto a esto, lo que podemos decir es que la pandemia nos afect\u00f3 como a todas las organizaciones no s\u00f3lo en Argentina sino a nivel mundial, en t\u00e9rminos de obligarnos a pensar en una nueva forma de trabajo para mantenernos operativos. En las oficinas de GS1 Argentina ya ten\u00edamos algunas personas que ven\u00edan trabajando desde la casa en situaciones puntuales o excepcionales, pero no como algo permanente o estructurado que permitiera generalizar el sistema de manera urgente. Sin embargo, el equipo asumi\u00f3 el desaf\u00edo y muy r\u00e1pidamente todos se adaptaron a trabajar con el formato Home Office con un muy buen nivel de productividad y eficiencia.<\/li><\/ul>\n\n\n\n<p class=\"wp-block-paragraph\">Desde el punto de vista de la relaci\u00f3n con nuestros socios, quiero destacar que todos supimos entender la necesidad de priorizar el apoyo a las peque\u00f1as y medianas empresas en esta crisis tan dura para muchas de ellas. Entre otras cosas, relanzamos nuestros cursos en formatos virtuales y la aceptaci\u00f3n fue tan buena que comparada con el a\u00f1o anterior, la asistencia a nuestros cursos se cuadruplic\u00f3. Recordemos que GS1 Argentina tiene cerca de veinte mil socios, de los cuales un 95% son peque\u00f1as y medianas empresas. Y si bien desarrollamos proyectos que involucran tambi\u00e9n a compa\u00f1\u00edas grandes, la mayor parte de la red de nuestros asociados son empresas peque\u00f1as y medianas que valoraron mucho las acciones concretas como el programa \u00a8Del Beep al Click\u00a8, que denominamos as\u00ed para mostrar la evoluci\u00f3n a trav\u00e9s del sonido del esc\u00e1ner o de la caja registradora y del mouse de la PC; este programa puso en evidencia la necesidad de ajustarse a los cambios ocasionados por el Covid 19 y reflej\u00f3 la importancia que como Organizaci\u00f3n le damos a todo el conglomerado de pymes.<\/p>\n\n\n\n<p class=\"wp-block-paragraph\">Por supuesto que todo esto s\u00f3lo fue posible gracias a la imprescindible colaboraci\u00f3n de c\u00e1maras como ASU (Asociaci\u00f3n de Supermercados Unidos), CACE (C\u00e1mara Argentina de Comercio Electr\u00f3nico), IAE (Instituto Argentino del Envase) y empresas como Google o Vtex. Adem\u00e1s, GS1 Argentina consigui\u00f3 durante todo este per\u00edodo el fortalecimiento de las relaciones con las provincias argentinas. Tenemos acuerdos firmados con 14 gobernaciones, todos orientados a consolidar el entramado de Pymes en todo el pa\u00eds.<\/p>\n\n\n\n<ul class=\"wp-block-list\"><li><strong>\u00bfQu\u00e9 pasar\u00e1 con los eventos sectoriales programados que organiza GS1 o con aquellos donde participa?<\/strong><\/li><li><strong>G.F.:<\/strong> En esto hay que ser precavidos. En principio estamos pendientes de las definiciones que bajan de los gobiernos nacionales, provinciales y municipales que restringen o habilitan determinado tipo de actividades, o no, por lo cual estamos sujetos a las normativas que vayan surgiendo. Por otro lado, tambi\u00e9n tenemos que entender los tiempos de nuestras organizaciones y de todos nosotros, porque hasta que tengamos la vacuna, se implemente masivamente y no superemos definitivamente la pandemia, las reuniones masivas van a ser inviables, adem\u00e1s del temor de la propia gente a exponerse al contagio. No es nuestra intenci\u00f3n poner en situaci\u00f3n inc\u00f3moda a nuestros asociados forz\u00e1ndolos a participar en actividades en las que puedan tener dudas de salir afectados. Es prematuro poder decir qu\u00e9 va a suceder. Todo lo que ten\u00edamos previsto para septiembre y octubre lo hemos cancelado y los eventos del sector como Expologistik, la Jornada ASU GS1, el Encuentro Nacional Retail, el Encuentro de Supermercadistas de Mar del Plata, el Seminario de Management Log\u00edstico tambi\u00e9n han sido suspendidos. Tendremos que ir viendo c\u00f3mo evoluciona el resto del mundo y nuestro pa\u00eds para poder, a partir de ah\u00ed, definir c\u00f3mo seguir con los eventos.<\/li><\/ul>\n\n\n\n<p class=\"wp-block-paragraph\">Mientras tanto seguiremos realizando actividades virtuales con las que hemos tenido muy buena repercusi\u00f3n y con las cuales hemos visto que el asociado se suma y encuentra valor, as\u00ed que creo esa va a ser la din\u00e1mica para lo que nos queda de este a\u00f1o. En lo inmediato tenemos previsto continuar con los Webinars, que tan buen resultado nos est\u00e1n dando y adem\u00e1s generando nuevas acciones en diferentes plataformas online como por ejemplo \u201cVivos\u201d en Instagram. Donde abordamos diferentes tem\u00e1ticas que le sirvan a nuestros asociados como conocer las herramientas disponibles de Google, packaging, etiquetado, \u00faltima milla y la intralog\u00edstica, por nombrar algunas.<\/p>\n\n\n\n<p class=\"wp-block-paragraph\">El formato no presencial, nos abre la gran oportunidad de encontrar sinergias con las dem\u00e1s Organizaciones GS1 de Am\u00e9rica Latina, generando en conjunto con ellas actividades para mostrar casos de \u00e9xito de empresas corporativas multinacionales como Nestl\u00e9, Unilever, Colgate, etc., que aplican a toda la regi\u00f3n.<\/p>\n\n\n\n<p class=\"wp-block-paragraph\"><strong>\u00bfQu\u00e9 cosas positivas rescata y cu\u00e1les negativas atribuye a la pandemia Covid19? \u00bfCu\u00e1les son las perspectivas que tienen para lo que resta del a\u00f1o en general?<\/strong><\/p>\n\n\n\n<ul class=\"wp-block-list\"><li><strong>G.F.:<\/strong> Por sobre todo creo que esta pandemia es una gran tragedia mundial en t\u00e9rminos no s\u00f3lo de las vidas perdidas, sino tambi\u00e9n de lo que ha provocado en las econom\u00edas. Es una crisis que adem\u00e1s nadie esperaba, sin precedentes en la historia de la humanidad, con lo cual lo que tengo para decir es que realmente estamos asistiendo a una situaci\u00f3n muy dolorosa y compleja que ha afectado a toda la sociedad, aunque de manera distinta seg\u00fan cada persona, ciudad o pa\u00eds. Del mismo modo, creo que es importante tener en cuenta que como todo cambio estructural, como toda situaci\u00f3n de esta magnitud, la pandemia aceler\u00f3 procesos que seguramente se iban a dar pero que ahora se adelantaron, y cataliz\u00f3 adem\u00e1s la velocidad de esos cambios. S\u00f3lo para dar dos ejemplos: el e-commerce y el home office.<\/li><\/ul>\n\n\n\n<p class=\"wp-block-paragraph\">Si bien nadie puede negar que el e-commerce ven\u00eda creciendo en los \u00faltimos a\u00f1os a un ritmo exponencial, esta pandemia multiplic\u00f3 por diez esa exponencialidad. Se est\u00e1 dando en todos los lugares del mundo, en todos los negocios y en todas las industrias. Ese crecimiento seguramente va a producir otros cambios y va a tener consecuencias en el mediano y largo plazo desde muchos puntos de vista, tanto en nuestra vida cotidiana, como en la forma en que manejaremos los negocios.<\/p>\n\n\n\n<p class=\"wp-block-paragraph\">La pandemia adem\u00e1s aceler\u00f3 el trabajo a distancia, lo que oblig\u00f3 a todas las empresas y a las organizaciones a readecuar sus equipos, a contar con nuevas infraestructuras y desarrollar nuevas pr\u00e1cticas y procedimientos sobre c\u00f3mo operar y c\u00f3mo trabajar. Estas tendencias se van a mantener en el tiempo. Vamos a volver a trabajar en las oficinas en condiciones normales, pero va a quedar tambi\u00e9n seguramente un porcentaje de home office mucho m\u00e1s alto del que ten\u00edamos antes de la aparici\u00f3n del Coronavirus. Ambas tendencias van en una misma direcci\u00f3n y conducir\u00e1n a que la econom\u00eda y nuestras propias vidas se vayan digitalizando cada vez m\u00e1s, facilitadas por la aparici\u00f3n de mejores herramientas de comunicaci\u00f3n. De hecho, la rapidez alcanzada para encontrar posibles vacunas, tratamientos o curas a la pandemia, s\u00f3lo fue posible gracias a que el mundo entero se digitaliz\u00f3.<\/p>\n\n\n\n<p class=\"wp-block-paragraph\">En lo personal, igual que muchos, sent\u00ed primero el impacto de tener que cambiar bruscamente la rutina de lo que hac\u00eda todos los d\u00edas. Como positivo rescato poder estar m\u00e1s tiempo con mi familia, contar con m\u00e1s tiempo y oportunidades para reflexionar, pero sacrificando de alg\u00fan modo el contacto personal con las personas con las que interactuaba cotidianamente, algo que siento que nos afect\u00f3 a todos extremada y definitivamente.<\/p>\n\n\n\n<p class=\"wp-block-paragraph\">Fuente: <a href=\"http:\/\/noticias.gs1.org.ar\">Portal de Noticias GS1 Argentina<\/a><\/p>\n","protected":false},"excerpt":{"rendered":"<p>Guillermo Fazio, Head of Supply Chain para la Regi\u00f3n Plata de Nestl\u00e9 (Argentina, Uruguay &amp; Paraguay), y Chairman GS1, otorg\u00f3 una entrevista al Portal de noticias para dar su visi\u00f3n&hellip; <\/p>\n","protected":false},"author":2,"featured_media":2355,"comment_status":"open","ping_status":"open","sticky":false,"template":"","format":"standard","meta":{"_monsterinsights_skip_tracking":false,"_jetpack_newsletter_access":"","_jetpack_dont_email_post_to_subs":false,"_jetpack_newsletter_tier_id":0,"_jetpack_memberships_contains_paywalled_content":false,"_wpcom_ai_launchpad_first_post":false,"_jetpack_feature_clip_id":0,"_jetpack_memberships_contains_paid_content":false,"footnotes":"","jetpack_post_was_ever_published":false},"categories":[7],"tags":[],"class_list":["post-2279","post","type-post","status-publish","format-standard","has-post-thumbnail","hentry","category-gs1-en-accion"],"yoast_head":"<!-- This site is optimized with the Yoast SEO plugin v28.3 - https:\/\/yoast.com\/product\/yoast-seo-wordpress\/ -->\n<title>GS1 Argentina, surfeando la cuarentena - C\u00f3digo N \u2022 GS1<\/title>\n<meta name=\"robots\" content=\"index, follow, max-snippet:-1, max-image-preview:large, max-video-preview:-1\" \/>\n<link rel=\"canonical\" href=\"https:\/\/codigon.gs1.org.ar\/index.php\/2020\/09\/08\/gs1-argentina-surfeando-la-cuarentena\/\" \/>\n<meta property=\"og:locale\" content=\"es_ES\" \/>\n<meta property=\"og:type\" content=\"article\" \/>\n<meta property=\"og:title\" content=\"GS1 Argentina, surfeando la cuarentena - C\u00f3digo N \u2022 GS1\" \/>\n<meta property=\"og:description\" content=\"Guillermo Fazio, Head of Supply Chain para la Regi\u00f3n Plata de Nestl\u00e9 (Argentina, Uruguay &amp; Paraguay), y Chairman GS1, otorg\u00f3 una entrevista al Portal de noticias para dar su visi\u00f3n&hellip;\" \/>\n<meta property=\"og:url\" content=\"https:\/\/codigon.gs1.org.ar\/index.php\/2020\/09\/08\/gs1-argentina-surfeando-la-cuarentena\/\" \/>\n<meta property=\"og:site_name\" content=\"C\u00f3digo N \u2022 GS1\" \/>\n<meta property=\"article:published_time\" content=\"2020-09-08T18:18:41+00:00\" \/>\n<meta property=\"og:image\" content=\"https:\/\/codigon.gs1.org.ar\/wp-content\/uploads\/2020\/09\/guillermo-fazio-presidente-gs1-argentina.jpg\" \/>\n\t<meta property=\"og:image:width\" content=\"1200\" \/>\n\t<meta property=\"og:image:height\" content=\"675\" \/>\n\t<meta property=\"og:image:type\" content=\"image\/jpeg\" \/>\n<meta name=\"author\" content=\"GS1 Argentina\" \/>\n<meta name=\"twitter:card\" content=\"summary_large_image\" \/>\n<meta name=\"twitter:label1\" content=\"Escrito por\" \/>\n\t<meta name=\"twitter:data1\" content=\"GS1 Argentina\" \/>\n\t<meta name=\"twitter:label2\" content=\"Tiempo de lectura\" \/>\n\t<meta name=\"twitter:data2\" content=\"10 minutos\" \/>\n<script type=\"application\/ld+json\" class=\"yoast-schema-graph\">{\"@context\":\"https:\\\/\\\/schema.org\",\"@graph\":[{\"@type\":\"Article\",\"@id\":\"https:\\\/\\\/codigon.gs1.org.ar\\\/index.php\\\/2020\\\/09\\\/08\\\/gs1-argentina-surfeando-la-cuarentena\\\/#article\",\"isPartOf\":{\"@id\":\"https:\\\/\\\/codigon.gs1.org.ar\\\/index.php\\\/2020\\\/09\\\/08\\\/gs1-argentina-surfeando-la-cuarentena\\\/\"},\"author\":{\"name\":\"GS1 Argentina\",\"@id\":\"https:\\\/\\\/codigon.gs1.org.ar\\\/#\\\/schema\\\/person\\\/e7fbae14eeca44ffe48eea621104dc9d\"},\"headline\":\"GS1 Argentina, surfeando la cuarentena\",\"datePublished\":\"2020-09-08T18:18:41+00:00\",\"mainEntityOfPage\":{\"@id\":\"https:\\\/\\\/codigon.gs1.org.ar\\\/index.php\\\/2020\\\/09\\\/08\\\/gs1-argentina-surfeando-la-cuarentena\\\/\"},\"wordCount\":2086,\"commentCount\":0,\"publisher\":{\"@id\":\"https:\\\/\\\/codigon.gs1.org.ar\\\/#organization\"},\"image\":{\"@id\":\"https:\\\/\\\/codigon.gs1.org.ar\\\/index.php\\\/2020\\\/09\\\/08\\\/gs1-argentina-surfeando-la-cuarentena\\\/#primaryimage\"},\"thumbnailUrl\":\"https:\\\/\\\/codigon.gs1.org.ar\\\/wp-content\\\/uploads\\\/2020\\\/09\\\/guillermo-fazio-presidente-gs1-argentina.jpg\",\"articleSection\":[\"GS1 en Acci\u00f3n\"],\"inLanguage\":\"es\",\"potentialAction\":[{\"@type\":\"CommentAction\",\"name\":\"Comment\",\"target\":[\"https:\\\/\\\/codigon.gs1.org.ar\\\/index.php\\\/2020\\\/09\\\/08\\\/gs1-argentina-surfeando-la-cuarentena\\\/#respond\"]}]},{\"@type\":\"WebPage\",\"@id\":\"https:\\\/\\\/codigon.gs1.org.ar\\\/index.php\\\/2020\\\/09\\\/08\\\/gs1-argentina-surfeando-la-cuarentena\\\/\",\"url\":\"https:\\\/\\\/codigon.gs1.org.ar\\\/index.php\\\/2020\\\/09\\\/08\\\/gs1-argentina-surfeando-la-cuarentena\\\/\",\"name\":\"GS1 Argentina, surfeando la cuarentena - C\u00f3digo N \u2022 GS1\",\"isPartOf\":{\"@id\":\"https:\\\/\\\/codigon.gs1.org.ar\\\/#website\"},\"primaryImageOfPage\":{\"@id\":\"https:\\\/\\\/codigon.gs1.org.ar\\\/index.php\\\/2020\\\/09\\\/08\\\/gs1-argentina-surfeando-la-cuarentena\\\/#primaryimage\"},\"image\":{\"@id\":\"https:\\\/\\\/codigon.gs1.org.ar\\\/index.php\\\/2020\\\/09\\\/08\\\/gs1-argentina-surfeando-la-cuarentena\\\/#primaryimage\"},\"thumbnailUrl\":\"https:\\\/\\\/codigon.gs1.org.ar\\\/wp-content\\\/uploads\\\/2020\\\/09\\\/guillermo-fazio-presidente-gs1-argentina.jpg\",\"datePublished\":\"2020-09-08T18:18:41+00:00\",\"breadcrumb\":{\"@id\":\"https:\\\/\\\/codigon.gs1.org.ar\\\/index.php\\\/2020\\\/09\\\/08\\\/gs1-argentina-surfeando-la-cuarentena\\\/#breadcrumb\"},\"inLanguage\":\"es\",\"potentialAction\":[{\"@type\":\"ReadAction\",\"target\":[\"https:\\\/\\\/codigon.gs1.org.ar\\\/index.php\\\/2020\\\/09\\\/08\\\/gs1-argentina-surfeando-la-cuarentena\\\/\"]}]},{\"@type\":\"ImageObject\",\"inLanguage\":\"es\",\"@id\":\"https:\\\/\\\/codigon.gs1.org.ar\\\/index.php\\\/2020\\\/09\\\/08\\\/gs1-argentina-surfeando-la-cuarentena\\\/#primaryimage\",\"url\":\"https:\\\/\\\/codigon.gs1.org.ar\\\/wp-content\\\/uploads\\\/2020\\\/09\\\/guillermo-fazio-presidente-gs1-argentina.jpg\",\"contentUrl\":\"https:\\\/\\\/codigon.gs1.org.ar\\\/wp-content\\\/uploads\\\/2020\\\/09\\\/guillermo-fazio-presidente-gs1-argentina.jpg\",\"width\":1200,\"height\":675},{\"@type\":\"BreadcrumbList\",\"@id\":\"https:\\\/\\\/codigon.gs1.org.ar\\\/index.php\\\/2020\\\/09\\\/08\\\/gs1-argentina-surfeando-la-cuarentena\\\/#breadcrumb\",\"itemListElement\":[{\"@type\":\"ListItem\",\"position\":1,\"name\":\"Inicio\",\"item\":\"https:\\\/\\\/codigon.gs1.org.ar\\\/\"},{\"@type\":\"ListItem\",\"position\":2,\"name\":\"GS1 en Acci\u00f3n\",\"item\":\"https:\\\/\\\/codigon.gs1.org.ar\\\/index.php\\\/category\\\/gs1-en-accion\\\/\"},{\"@type\":\"ListItem\",\"position\":3,\"name\":\"GS1 Argentina, surfeando la cuarentena\"}]},{\"@type\":\"WebSite\",\"@id\":\"https:\\\/\\\/codigon.gs1.org.ar\\\/#website\",\"url\":\"https:\\\/\\\/codigon.gs1.org.ar\\\/\",\"name\":\"Gs1 \u2022\u00a0Noticias\",\"description\":\"Informaci\u00f3n que conecta negocios\",\"publisher\":{\"@id\":\"https:\\\/\\\/codigon.gs1.org.ar\\\/#organization\"},\"potentialAction\":[{\"@type\":\"SearchAction\",\"target\":{\"@type\":\"EntryPoint\",\"urlTemplate\":\"https:\\\/\\\/codigon.gs1.org.ar\\\/?s={search_term_string}\"},\"query-input\":{\"@type\":\"PropertyValueSpecification\",\"valueRequired\":true,\"valueName\":\"search_term_string\"}}],\"inLanguage\":\"es\"},{\"@type\":\"Organization\",\"@id\":\"https:\\\/\\\/codigon.gs1.org.ar\\\/#organization\",\"name\":\"Gs1 \u2022\u00a0Noticias\",\"url\":\"https:\\\/\\\/codigon.gs1.org.ar\\\/\",\"logo\":{\"@type\":\"ImageObject\",\"inLanguage\":\"es\",\"@id\":\"https:\\\/\\\/codigon.gs1.org.ar\\\/#\\\/schema\\\/logo\\\/image\\\/\",\"url\":\"https:\\\/\\\/codigon.gs1.org.ar\\\/wp-content\\\/uploads\\\/2026\\\/06\\\/logo_codigo_news_02.jpg\",\"contentUrl\":\"https:\\\/\\\/codigon.gs1.org.ar\\\/wp-content\\\/uploads\\\/2026\\\/06\\\/logo_codigo_news_02.jpg\",\"width\":1523,\"height\":207,\"caption\":\"Gs1 \u2022\u00a0Noticias\"},\"image\":{\"@id\":\"https:\\\/\\\/codigon.gs1.org.ar\\\/#\\\/schema\\\/logo\\\/image\\\/\"}},{\"@type\":\"Person\",\"@id\":\"https:\\\/\\\/codigon.gs1.org.ar\\\/#\\\/schema\\\/person\\\/e7fbae14eeca44ffe48eea621104dc9d\",\"name\":\"GS1 Argentina\",\"image\":{\"@type\":\"ImageObject\",\"inLanguage\":\"es\",\"@id\":\"https:\\\/\\\/secure.gravatar.com\\\/avatar\\\/d8922d0203802ad4f71f9376d213302aa284e6a5e4a265178bb0f3de8c2b43d2?s=96&d=mm&r=g\",\"url\":\"https:\\\/\\\/secure.gravatar.com\\\/avatar\\\/d8922d0203802ad4f71f9376d213302aa284e6a5e4a265178bb0f3de8c2b43d2?s=96&d=mm&r=g\",\"contentUrl\":\"https:\\\/\\\/secure.gravatar.com\\\/avatar\\\/d8922d0203802ad4f71f9376d213302aa284e6a5e4a265178bb0f3de8c2b43d2?s=96&d=mm&r=g\",\"caption\":\"GS1 Argentina\"},\"url\":\"https:\\\/\\\/codigon.gs1.org.ar\\\/index.php\\\/author\\\/tojedags1\\\/\"}]}<\/script>\n<!-- \/ Yoast SEO plugin. -->","yoast_head_json":{"title":"GS1 Argentina, surfeando la cuarentena - C\u00f3digo N \u2022 GS1","robots":{"index":"index","follow":"follow","max-snippet":"max-snippet:-1","max-image-preview":"max-image-preview:large","max-video-preview":"max-video-preview:-1"},"canonical":"https:\/\/codigon.gs1.org.ar\/index.php\/2020\/09\/08\/gs1-argentina-surfeando-la-cuarentena\/","og_locale":"es_ES","og_type":"article","og_title":"GS1 Argentina, surfeando la cuarentena - C\u00f3digo N \u2022 GS1","og_description":"Guillermo Fazio, Head of Supply Chain para la Regi\u00f3n Plata de Nestl\u00e9 (Argentina, Uruguay &amp; Paraguay), y Chairman GS1, otorg\u00f3 una entrevista al Portal de noticias para dar su visi\u00f3n&hellip;","og_url":"https:\/\/codigon.gs1.org.ar\/index.php\/2020\/09\/08\/gs1-argentina-surfeando-la-cuarentena\/","og_site_name":"C\u00f3digo N \u2022 GS1","article_published_time":"2020-09-08T18:18:41+00:00","og_image":[{"width":1200,"height":675,"url":"https:\/\/codigon.gs1.org.ar\/wp-content\/uploads\/2020\/09\/guillermo-fazio-presidente-gs1-argentina.jpg","type":"image\/jpeg"}],"author":"GS1 Argentina","twitter_card":"summary_large_image","twitter_misc":{"Escrito por":"GS1 Argentina","Tiempo de lectura":"10 minutos"},"schema":{"@context":"https:\/\/schema.org","@graph":[{"@type":"Article","@id":"https:\/\/codigon.gs1.org.ar\/index.php\/2020\/09\/08\/gs1-argentina-surfeando-la-cuarentena\/#article","isPartOf":{"@id":"https:\/\/codigon.gs1.org.ar\/index.php\/2020\/09\/08\/gs1-argentina-surfeando-la-cuarentena\/"},"author":{"name":"GS1 Argentina","@id":"https:\/\/codigon.gs1.org.ar\/#\/schema\/person\/e7fbae14eeca44ffe48eea621104dc9d"},"headline":"GS1 Argentina, surfeando la cuarentena","datePublished":"2020-09-08T18:18:41+00:00","mainEntityOfPage":{"@id":"https:\/\/codigon.gs1.org.ar\/index.php\/2020\/09\/08\/gs1-argentina-surfeando-la-cuarentena\/"},"wordCount":2086,"commentCount":0,"publisher":{"@id":"https:\/\/codigon.gs1.org.ar\/#organization"},"image":{"@id":"https:\/\/codigon.gs1.org.ar\/index.php\/2020\/09\/08\/gs1-argentina-surfeando-la-cuarentena\/#primaryimage"},"thumbnailUrl":"https:\/\/codigon.gs1.org.ar\/wp-content\/uploads\/2020\/09\/guillermo-fazio-presidente-gs1-argentina.jpg","articleSection":["GS1 en Acci\u00f3n"],"inLanguage":"es","potentialAction":[{"@type":"CommentAction","name":"Comment","target":["https:\/\/codigon.gs1.org.ar\/index.php\/2020\/09\/08\/gs1-argentina-surfeando-la-cuarentena\/#respond"]}]},{"@type":"WebPage","@id":"https:\/\/codigon.gs1.org.ar\/index.php\/2020\/09\/08\/gs1-argentina-surfeando-la-cuarentena\/","url":"https:\/\/codigon.gs1.org.ar\/index.php\/2020\/09\/08\/gs1-argentina-surfeando-la-cuarentena\/","name":"GS1 Argentina, surfeando la cuarentena - C\u00f3digo N \u2022 GS1","isPartOf":{"@id":"https:\/\/codigon.gs1.org.ar\/#website"},"primaryImageOfPage":{"@id":"https:\/\/codigon.gs1.org.ar\/index.php\/2020\/09\/08\/gs1-argentina-surfeando-la-cuarentena\/#primaryimage"},"image":{"@id":"https:\/\/codigon.gs1.org.ar\/index.php\/2020\/09\/08\/gs1-argentina-surfeando-la-cuarentena\/#primaryimage"},"thumbnailUrl":"https:\/\/codigon.gs1.org.ar\/wp-content\/uploads\/2020\/09\/guillermo-fazio-presidente-gs1-argentina.jpg","datePublished":"2020-09-08T18:18:41+00:00","breadcrumb":{"@id":"https:\/\/codigon.gs1.org.ar\/index.php\/2020\/09\/08\/gs1-argentina-surfeando-la-cuarentena\/#breadcrumb"},"inLanguage":"es","potentialAction":[{"@type":"ReadAction","target":["https:\/\/codigon.gs1.org.ar\/index.php\/2020\/09\/08\/gs1-argentina-surfeando-la-cuarentena\/"]}]},{"@type":"ImageObject","inLanguage":"es","@id":"https:\/\/codigon.gs1.org.ar\/index.php\/2020\/09\/08\/gs1-argentina-surfeando-la-cuarentena\/#primaryimage","url":"https:\/\/codigon.gs1.org.ar\/wp-content\/uploads\/2020\/09\/guillermo-fazio-presidente-gs1-argentina.jpg","contentUrl":"https:\/\/codigon.gs1.org.ar\/wp-content\/uploads\/2020\/09\/guillermo-fazio-presidente-gs1-argentina.jpg","width":1200,"height":675},{"@type":"BreadcrumbList","@id":"https:\/\/codigon.gs1.org.ar\/index.php\/2020\/09\/08\/gs1-argentina-surfeando-la-cuarentena\/#breadcrumb","itemListElement":[{"@type":"ListItem","position":1,"name":"Inicio","item":"https:\/\/codigon.gs1.org.ar\/"},{"@type":"ListItem","position":2,"name":"GS1 en Acci\u00f3n","item":"https:\/\/codigon.gs1.org.ar\/index.php\/category\/gs1-en-accion\/"},{"@type":"ListItem","position":3,"name":"GS1 Argentina, surfeando la cuarentena"}]},{"@type":"WebSite","@id":"https:\/\/codigon.gs1.org.ar\/#website","url":"https:\/\/codigon.gs1.org.ar\/","name":"Gs1 \u2022\u00a0Noticias","description":"Informaci\u00f3n que conecta negocios","publisher":{"@id":"https:\/\/codigon.gs1.org.ar\/#organization"},"potentialAction":[{"@type":"SearchAction","target":{"@type":"EntryPoint","urlTemplate":"https:\/\/codigon.gs1.org.ar\/?s={search_term_string}"},"query-input":{"@type":"PropertyValueSpecification","valueRequired":true,"valueName":"search_term_string"}}],"inLanguage":"es"},{"@type":"Organization","@id":"https:\/\/codigon.gs1.org.ar\/#organization","name":"Gs1 \u2022\u00a0Noticias","url":"https:\/\/codigon.gs1.org.ar\/","logo":{"@type":"ImageObject","inLanguage":"es","@id":"https:\/\/codigon.gs1.org.ar\/#\/schema\/logo\/image\/","url":"https:\/\/codigon.gs1.org.ar\/wp-content\/uploads\/2026\/06\/logo_codigo_news_02.jpg","contentUrl":"https:\/\/codigon.gs1.org.ar\/wp-content\/uploads\/2026\/06\/logo_codigo_news_02.jpg","width":1523,"height":207,"caption":"Gs1 \u2022\u00a0Noticias"},"image":{"@id":"https:\/\/codigon.gs1.org.ar\/#\/schema\/logo\/image\/"}},{"@type":"Person","@id":"https:\/\/codigon.gs1.org.ar\/#\/schema\/person\/e7fbae14eeca44ffe48eea621104dc9d","name":"GS1 Argentina","image":{"@type":"ImageObject","inLanguage":"es","@id":"https:\/\/secure.gravatar.com\/avatar\/d8922d0203802ad4f71f9376d213302aa284e6a5e4a265178bb0f3de8c2b43d2?s=96&d=mm&r=g","url":"https:\/\/secure.gravatar.com\/avatar\/d8922d0203802ad4f71f9376d213302aa284e6a5e4a265178bb0f3de8c2b43d2?s=96&d=mm&r=g","contentUrl":"https:\/\/secure.gravatar.com\/avatar\/d8922d0203802ad4f71f9376d213302aa284e6a5e4a265178bb0f3de8c2b43d2?s=96&d=mm&r=g","caption":"GS1 Argentina"},"url":"https:\/\/codigon.gs1.org.ar\/index.php\/author\/tojedags1\/"}]}},"jetpack_sharing_enabled":true,"jetpack_shortlink":"https:\/\/wp.me\/pbkBOb-AL","jetpack_featured_media_url":"https:\/\/codigon.gs1.org.ar\/wp-content\/uploads\/2020\/09\/guillermo-fazio-presidente-gs1-argentina.jpg","_links":{"self":[{"href":"https:\/\/codigon.gs1.org.ar\/index.php\/wp-json\/wp\/v2\/posts\/2279","targetHints":{"allow":["GET"]}}],"collection":[{"href":"https:\/\/codigon.gs1.org.ar\/index.php\/wp-json\/wp\/v2\/posts"}],"about":[{"href":"https:\/\/codigon.gs1.org.ar\/index.php\/wp-json\/wp\/v2\/types\/post"}],"author":[{"embeddable":true,"href":"https:\/\/codigon.gs1.org.ar\/index.php\/wp-json\/wp\/v2\/users\/2"}],"replies":[{"embeddable":true,"href":"https:\/\/codigon.gs1.org.ar\/index.php\/wp-json\/wp\/v2\/comments?post=2279"}],"version-history":[{"count":0,"href":"https:\/\/codigon.gs1.org.ar\/index.php\/wp-json\/wp\/v2\/posts\/2279\/revisions"}],"wp:featuredmedia":[{"embeddable":true,"href":"https:\/\/codigon.gs1.org.ar\/index.php\/wp-json\/wp\/v2\/media\/2355"}],"wp:attachment":[{"href":"https:\/\/codigon.gs1.org.ar\/index.php\/wp-json\/wp\/v2\/media?parent=2279"}],"wp:term":[{"taxonomy":"category","embeddable":true,"href":"https:\/\/codigon.gs1.org.ar\/index.php\/wp-json\/wp\/v2\/categories?post=2279"},{"taxonomy":"post_tag","embeddable":true,"href":"https:\/\/codigon.gs1.org.ar\/index.php\/wp-json\/wp\/v2\/tags?post=2279"}],"curies":[{"name":"wp","href":"https:\/\/api.w.org\/{rel}","templated":true}]}}